{"id":13871,"date":"2024-10-09T12:02:25","date_gmt":"2024-10-09T10:02:25","guid":{"rendered":"https:\/\/blog.ociomodell.com\/wordpress\/?p=13871"},"modified":"2024-10-09T12:02:25","modified_gmt":"2024-10-09T10:02:25","slug":"60o-aniversario-trabant-601","status":"publish","type":"post","link":"https:\/\/blog.ociomodell.com\/wordpress\/60o-aniversario-trabant-601\/","title":{"rendered":"60\u00ba Aniversario Trabant 601 \u00abEdici\u00f3n Exclusiva\u00bb. Escala 1:24. Marca Revell. Ref: 05630, es un ic\u00f3nico autom\u00f3vil producido en la Rep\u00fablica Democr\u00e1tica Alemana entre 1963 y 1991."},"content":{"rendered":"<p>&nbsp;<\/p>\n<h2><a href=\"https:\/\/ociomodell.com\/ociomodell\/revell\/18249-60-aniversario-trabant-601-edicion-exclusiva-escala-124-marca-revell-ref-05630-4009803056302.html\" target=\"_blank\" rel=\"noopener nofollow\">60\u00ba Aniversario Trabant 601 \u00abEdici\u00f3n Exclusiva\u00bb<\/a><\/h2>\n<h5>El Trabant 601 \u00abEdici\u00f3n Exclusiva\u00bb a escala 1:24 de la marca Revell es un ic\u00f3nico autom\u00f3vil producido en la Rep\u00fablica Democr\u00e1tica Alemana entre 1963 y 1991. Este kit de montaje en pl\u00e1stico ofrece la oportunidad de ensamblar y pintar tu propio Trabant con detalles realistas.<\/h5>\n<h2>Contenido<\/h2>\n<ul>\n<li><a href=\"#descripcion\">Descripci\u00f3n<\/a><\/li>\n<li><a href=\"#incluye\">Incluye<\/a><\/li>\n<li><a href=\"#requisitos\">Requisitos<\/a><\/li>\n<li><a href=\"#escala\">Escala<\/a><\/li>\n<li><a href=\"#marca\">Marca<\/a><\/li>\n<li><a href=\"#ref\">Referencia<\/a><\/li>\n<\/ul>\n<h2 id=\"descripcion\">Descripci\u00f3n<\/h2>\n<p>El Trabant 601 \u00abEdici\u00f3n Exclusiva\u00bb es un kit de montaje en pl\u00e1stico que celebra el 60\u00ba aniversario de este emblem\u00e1tico autom\u00f3vil. Perfecto para entusiastas con experiencia en modelismo, este set ofrece la posibilidad de recrear con detalle este veh\u00edculo hist\u00f3rico.<\/p>\n<h2 id=\"incluye\">Incluye<\/h2>\n<ul>\n<li>Libro \u00ab60\u00ba aniversario Trabant 601\u00bb (DE\/GB)<\/li>\n<li>Calcas para varias matr\u00edculas<\/li>\n<li>Motor multipartes para realismo<\/li>\n<li>Ruedas rodantes<\/li>\n<\/ul>\n<h2>Requisitos<\/h2>\n<figure id=\"attachment_13872\" aria-describedby=\"caption-attachment-13872\" style=\"width: 300px\" class=\"wp-caption alignright\"><img loading=\"lazy\" decoding=\"async\" data-attachment-id=\"13872\" data-permalink=\"https:\/\/blog.ociomodell.com\/wordpress\/60o-aniversario-trabant-601\/60-aniversario-trabant-601-edicion-exclusiva-escala-124-marca-revell-ref-05630-1\/\" data-orig-file=\"https:\/\/blog.ociomodell.com\/wordpress\/wp-content\/uploads\/2024\/10\/60-aniversario-trabant-601-edicion-exclusiva-escala-124-marca-revell-ref-05630-1-e1728467883523.jpg\" data-orig-size=\"520,332\" data-comments-opened=\"1\" data-image-meta=\"{&quot;aperture&quot;:&quot;0&quot;,&quot;credit&quot;:&quot;&quot;,&quot;camera&quot;:&quot;&quot;,&quot;caption&quot;:&quot;&quot;,&quot;created_timestamp&quot;:&quot;0&quot;,&quot;copyright&quot;:&quot;&quot;,&quot;focal_length&quot;:&quot;0&quot;,&quot;iso&quot;:&quot;0&quot;,&quot;shutter_speed&quot;:&quot;0&quot;,&quot;title&quot;:&quot;&quot;,&quot;orientation&quot;:&quot;0&quot;}\" data-image-title=\"60\u00ba Aniversario Trabant 601 \u00abEdici\u00f3n Exclusiva\u00bb. Escala 1:24. Marca Revell. Ref: 05630\" data-image-description=\"&lt;p&gt;60\u00ba Aniversario Trabant 601 \u00abEdici\u00f3n Exclusiva\u00bb. Escala 1:24. Marca Revell. Ref: 05630&lt;\/p&gt;\n\" data-image-caption=\"&lt;p&gt;60\u00ba Aniversario Trabant 601 \u00abEdici\u00f3n Exclusiva\u00bb. Escala 1:24. Marca Revell. Ref: 05630&lt;\/p&gt;\n\" data-large-file=\"https:\/\/blog.ociomodell.com\/wordpress\/wp-content\/uploads\/2024\/10\/60-aniversario-trabant-601-edicion-exclusiva-escala-124-marca-revell-ref-05630-1-e1728467883523.jpg\" class=\"size-medium wp-image-13872\" src=\"https:\/\/blog.ociomodell.com\/wordpress\/wp-content\/uploads\/2024\/10\/60-aniversario-trabant-601-edicion-exclusiva-escala-124-marca-revell-ref-05630-1-e1728467883523-300x192.jpg\" alt=\"60\u00ba Aniversario Trabant 601 &quot;Edici\u00f3n Exclusiva&quot;. Escala 1:24. Marca Revell. Ref: 05630\" width=\"300\" height=\"192\" title=\"\" srcset=\"https:\/\/blog.ociomodell.com\/wordpress\/wp-content\/uploads\/2024\/10\/60-aniversario-trabant-601-edicion-exclusiva-escala-124-marca-revell-ref-05630-1-e1728467883523-300x192.jpg 300w, https:\/\/blog.ociomodell.com\/wordpress\/wp-content\/uploads\/2024\/10\/60-aniversario-trabant-601-edicion-exclusiva-escala-124-marca-revell-ref-05630-1-e1728467883523-250x160.jpg 250w, https:\/\/blog.ociomodell.com\/wordpress\/wp-content\/uploads\/2024\/10\/60-aniversario-trabant-601-edicion-exclusiva-escala-124-marca-revell-ref-05630-1-e1728467883523.jpg 520w\" sizes=\"auto, (max-width: 300px) 100vw, 300px\" \/><figcaption id=\"caption-attachment-13872\" class=\"wp-caption-text\">60\u00ba Aniversario Trabant 601 \u00abEdici\u00f3n Exclusiva\u00bb. Escala 1:24. Marca Revell. Ref: 05630<\/figcaption><\/figure>\n<p>Se requiere ensamblado de piezas y pintura para completar el Trabant 601 \u00abEdici\u00f3n Exclusiva\u00bb. Es recomendable contar con experiencia previa en modelismo para disfrutar plenamente de este kit.<\/p>\n<h2 id=\"escala\">Escala<\/h2>\n<p>La escala de este modelo es 1:24, lo que permite apreciar los detalles del Trabant 601 con precisi\u00f3n y realismo.<\/p>\n<h2 id=\"marca\">Marca<\/h2>\n<p>Revell es la reconocida marca detr\u00e1s de este kit de montaje, garantizando calidad y fidelidad en la reproducci\u00f3n del Trabant 601.<\/p>\n<h2 id=\"ref\">Referencia<\/h2>\n<p>Ref: 05630<\/p>\n<footer>Para m\u00e1s informaci\u00f3n y adquirir este kit, visita <a href=\"https:\/\/ociomodell.com\/ociomodell\/revell\/18249-60-aniversario-trabant-601-edicion-exclusiva-escala-124-marca-revell-ref-05630-4009803056302.html\" target=\"_blank\" rel=\"noopener nofollow\">ociomodell.com<\/a><\/footer>\n<h2>Informaci\u00f3n adicional:<\/h2>\n<h5>En este art\u00edculo vamos a sumergirnos en los detalles t\u00e9cnicos y curiosidades de la maqueta del Trabant 601 \u00abEdici\u00f3n Exclusiva\u00bb en su 60\u00ba Aniversario en escala 1:24 de la prestigiosa marca Revell. Este kit de montaje en pl\u00e1stico, destinado a experimentados modelistas, ofrece una experiencia \u00fanica que combina la precisi\u00f3n hist\u00f3rica con el desaf\u00edo de la construcci\u00f3n artesanal. A continuaci\u00f3n, desglosaremos todos los aspectos relevantes de este fascinante modelo.<\/h5>\n<h2 class=\"md-nonanchor-heading\">Detalles T\u00e9cnicos:<\/h2>\n<ul>\n<li><strong>Producto:<\/strong>\u00a060\u00ba Aniversario Trabant 601 \u00abEdici\u00f3n Exclusiva\u00bb<\/li>\n<li><strong>Escala:<\/strong>\u00a01:24<\/li>\n<li><strong>Marca:<\/strong>\u00a0Revell<\/li>\n<li><strong>Referencia:<\/strong>\u00a005630<\/li>\n<li><strong>Dificultad:<\/strong>\u00a0Nivel para experimentados<\/li>\n<li><strong>Material:<\/strong>\u00a0Pl\u00e1stico<\/li>\n<li><strong>Requiere:<\/strong>\u00a0Ensamblado de piezas y pintura<\/li>\n<\/ul>\n<h2 class=\"md-nonanchor-heading\">Contenido del Kit:<\/h2>\n<figure id=\"attachment_13873\" aria-describedby=\"caption-attachment-13873\" style=\"width: 247px\" class=\"wp-caption alignright\"><img loading=\"lazy\" decoding=\"async\" data-attachment-id=\"13873\" data-permalink=\"https:\/\/blog.ociomodell.com\/wordpress\/60o-aniversario-trabant-601\/60-aniversario-trabant-601-edicion-exclusiva-escala-124-marca-revell-ref-05630\/\" data-orig-file=\"https:\/\/blog.ociomodell.com\/wordpress\/wp-content\/uploads\/2024\/10\/60-aniversario-trabant-601-edicion-exclusiva-escala-124-marca-revell-ref-05630-e1728467915466.jpg\" data-orig-size=\"369,449\" data-comments-opened=\"1\" data-image-meta=\"{&quot;aperture&quot;:&quot;0&quot;,&quot;credit&quot;:&quot;&quot;,&quot;camera&quot;:&quot;&quot;,&quot;caption&quot;:&quot;&quot;,&quot;created_timestamp&quot;:&quot;0&quot;,&quot;copyright&quot;:&quot;&quot;,&quot;focal_length&quot;:&quot;0&quot;,&quot;iso&quot;:&quot;0&quot;,&quot;shutter_speed&quot;:&quot;0&quot;,&quot;title&quot;:&quot;&quot;,&quot;orientation&quot;:&quot;0&quot;}\" data-image-title=\"60\u00ba Aniversario Trabant 601 \u00abEdici\u00f3n Exclusiva\u00bb. Escala 1:24. Marca Revell. Ref: 05630\" data-image-description=\"&lt;p&gt;60\u00ba Aniversario Trabant 601 \u00abEdici\u00f3n Exclusiva\u00bb. Escala 1:24. Marca Revell. Ref: 05630&lt;\/p&gt;\n\" data-image-caption=\"&lt;p&gt;60\u00ba Aniversario Trabant 601 \u00abEdici\u00f3n Exclusiva\u00bb. Escala 1:24. Marca Revell. Ref: 05630&lt;\/p&gt;\n\" data-large-file=\"https:\/\/blog.ociomodell.com\/wordpress\/wp-content\/uploads\/2024\/10\/60-aniversario-trabant-601-edicion-exclusiva-escala-124-marca-revell-ref-05630-e1728467915466.jpg\" class=\"size-medium wp-image-13873\" src=\"https:\/\/blog.ociomodell.com\/wordpress\/wp-content\/uploads\/2024\/10\/60-aniversario-trabant-601-edicion-exclusiva-escala-124-marca-revell-ref-05630-e1728467915466-247x300.jpg\" alt=\"60\u00ba Aniversario Trabant 601 &quot;Edici\u00f3n Exclusiva&quot;. Escala 1:24. Marca Revell. Ref: 05630\" width=\"247\" height=\"300\" title=\"\" srcset=\"https:\/\/blog.ociomodell.com\/wordpress\/wp-content\/uploads\/2024\/10\/60-aniversario-trabant-601-edicion-exclusiva-escala-124-marca-revell-ref-05630-e1728467915466-247x300.jpg 247w, https:\/\/blog.ociomodell.com\/wordpress\/wp-content\/uploads\/2024\/10\/60-aniversario-trabant-601-edicion-exclusiva-escala-124-marca-revell-ref-05630-e1728467915466-250x304.jpg 250w, https:\/\/blog.ociomodell.com\/wordpress\/wp-content\/uploads\/2024\/10\/60-aniversario-trabant-601-edicion-exclusiva-escala-124-marca-revell-ref-05630-e1728467915466.jpg 369w\" sizes=\"auto, (max-width: 247px) 100vw, 247px\" \/><figcaption id=\"caption-attachment-13873\" class=\"wp-caption-text\">60\u00ba Aniversario Trabant 601 \u00abEdici\u00f3n Exclusiva\u00bb. Escala 1:24. Marca Revell. Ref: 05630<\/figcaption><\/figure>\n<ol>\n<li><strong>Libro \u00ab60o aniversario Trabant 601\u00bb (DE\/GB):<\/strong>\u00a0Un a\u00f1adido emocionante que sumerge al constructor en la historia y el legado del Trabant 601.<\/li>\n<li><strong>Calcas para Varias Matr\u00edculas:<\/strong>\u00a0Permite personalizar el modelo con diferentes matr\u00edculas, a\u00f1adiendo un toque \u00fanico.<\/li>\n<li><strong>Motor Multipartes:<\/strong>\u00a0Detalle excepcional que ofrece la posibilidad de crear un motor realista y visualmente impresionante.<\/li>\n<li><strong>Ruedas Rodantes:<\/strong>\u00a0Una caracter\u00edstica que aporta dinamismo y autenticidad al Trabant 601 montado.<\/li>\n<\/ol>\n<h2 class=\"md-nonanchor-heading\">Historia del Trabant 601:<\/h2>\n<p>El Trabant 601 es un ic\u00f3nico autom\u00f3vil producido en la Rep\u00fablica Democr\u00e1tica Alemana entre 1963 y 1991. Conocido por su dise\u00f1o distintivo, su carrocer\u00eda de fibra de vidrio y su motor de dos tiempos, el Trabant se convirti\u00f3 en un s\u00edmbolo de la Alemania del Este durante la Guerra Fr\u00eda. Esta edici\u00f3n exclusiva conmemora el 60\u00ba aniversario del Trabant 601, rindiendo homenaje a su legado y su impacto en la historia del autom\u00f3vil.<\/p>\n<h2 class=\"md-nonanchor-heading\">Detalles de Construcci\u00f3n:<\/h2>\n<ul>\n<li>El montaje de las piezas requiere precisi\u00f3n y habilidad para lograr un acabado \u00f3ptimo.<\/li>\n<li>La pintura es crucial para resaltar los detalles del Trabant 601 y personalizar su apariencia.<\/li>\n<li>El motor multipartes brinda la oportunidad de sumergirse en la mec\u00e1nica interna del veh\u00edculo y crear una r\u00e9plica aut\u00e9ntica.<\/li>\n<\/ul>\n<h2 class=\"md-nonanchor-heading\">Valor A\u00f1adido:<\/h2>\n<ul>\n<li>La inclusi\u00f3n de calcoman\u00edas para diferentes matr\u00edculas brinda opciones de personalizaci\u00f3n y realismo.<\/li>\n<li>El libro conmemorativo aporta contexto hist\u00f3rico y cultural al proceso de construcci\u00f3n.<\/li>\n<li>Las ruedas rodantes permiten exhibir el modelo en movimiento, a\u00f1adiendo dinamismo a la presentaci\u00f3n final.<\/li>\n<\/ul>\n<h2 class=\"md-nonanchor-heading\">Conclusiones Finales:<\/h2>\n<p>La maqueta del Trabant 601 \u00abEdici\u00f3n Exclusiva\u00bb de Revell es mucho m\u00e1s que un simple kit de montaje. Es una oportunidad para explorar la historia y la ingenier\u00eda detr\u00e1s de uno de los autom\u00f3viles m\u00e1s emblem\u00e1ticos de Europa del Este. Con detalles t\u00e9cnicos precisos, accesorios especiales y un desaf\u00edo constructivo notable, esta edici\u00f3n conmemorativa es un tesoro para los amantes del modelismo y la historia automotriz. \u00a1No pierdas la oportunidad de celebrar el 60\u00ba aniversario del Trabant 601 con esta excepcional maqueta de Revell!<\/p>\n<p>Recuerda que puedes encontrar este emocionante kit en la tienda online de Ociomodell. \u00a1Hazte con el tuyo y comienza tu propia aventura de construcci\u00f3n!<\/p>\n<p>&nbsp;<\/p>\n<p><a href=\"https:\/\/blog.ociomodell.com\/wordpress\/category\/ociomodell-modelismo-plastico\/modelismo-plastico-vehiculos-civiles\/\" target=\"_blank\" rel=\"nofollow noopener\">M\u00e1s referencias de modelismo pl\u00e1stico de veh\u00edculos civiles en blog.ociomodell.com<\/a><\/p>\n<p><a href=\"https:\/\/ociomodell.com\/ociomodell\/1067-vehiculos-civiles#\/show-all\" target=\"_blank\" rel=\"nofollow noopener\">M\u00e1s referencias de modelismo pl\u00e1stico de veh\u00edculos civiles en ociomodell.com<\/a><\/p>\n","protected":false},"excerpt":{"rendered":"<p>Descubre el kit de montaje en pl\u00e1stico del 60\u00ba Aniversario Trabant 601 <\/p>\n","protected":false},"author":2,"featured_media":13873,"comment_status":"open","ping_status":"closed","sticky":false,"template":"","format":"standard","meta":{"jetpack_post_was_ever_published":false,"_jetpack_newsletter_access":"","_jetpack_dont_email_post_to_subs":false,"_jetpack_newsletter_tier_id":0,"_jetpack_memberships_contains_paywalled_content":false,"_jetpack_memberships_contains_paid_content":false,"footnotes":"","jetpack_publicize_message":"","jetpack_publicize_feature_enabled":true,"jetpack_social_post_already_shared":true,"jetpack_social_options":{"image_generator_settings":{"template":"highway","default_image_id":0,"font":"","enabled":false},"version":2},"_links_to":"","_links_to_target":""},"categories":[5228,8100,6287,28],"tags":[8098,5407,5291,8099,47,8097],"class_list":["post-13871","post","type-post","status-publish","format-standard","has-post-thumbnail","hentry","category-articulos","category-escala-120","category-modelismo-plastico-vehiculos-civiles","category-ociomodell","tag-automovil","tag-escala-124","tag-kit-de-montaje","tag-republica-democratica-alemana","tag-revell","tag-trabant-601"],"jetpack_publicize_connections":[],"jetpack_featured_media_url":"https:\/\/blog.ociomodell.com\/wordpress\/wp-content\/uploads\/2024\/10\/60-aniversario-trabant-601-edicion-exclusiva-escala-124-marca-revell-ref-05630-e1728467915466.jpg","jetpack_sharing_enabled":true,"jetpack_likes_enabled":true,"jetpack-related-posts":[{"id":8954,"url":"https:\/\/blog.ociomodell.com\/wordpress\/bmw-z8-james-bond-007-the-world-is-not-novedad-escala-124-marca-revell-ref-05662\/","url_meta":{"origin":13871,"position":0},"title":"BMW Z8 (James Bond 007) \u00abThe World Is Not \u00ab. NOVEDAD. Escala 1:24. Marca Revell. Ref: 05662, autom\u00f3vil deportivo de lujo producido por el fabricante alem\u00e1n BMW de 1999 a 2003","author":"Paco Gomez","date":"31 octubre, 2023","format":false,"excerpt":"Descubre el kit de montaje en pl\u00e1stico del BMW Z8 de James Bond 007 en la pel\u00edcula","rel":"","context":"En \u00abOciomodell\u00bb","block_context":{"text":"Ociomodell","link":"https:\/\/blog.ociomodell.com\/wordpress\/category\/ociomodell\/"},"img":{"alt_text":"BMW Z8 (James Bond 007) \"The World Is Not \". NOVEDAD. Escala 1:24. Marca Revell. Ref: 05662","src":"https:\/\/i0.wp.com\/blog.ociomodell.com\/wordpress\/wp-content\/uploads\/2023\/10\/bmw-z8-james-bond-007-the-world-is-not-novedad-escala-124-marca-revell-ref-056621-e1698743488174.jpg?resize=350%2C200&ssl=1","width":350,"height":200,"srcset":"https:\/\/i0.wp.com\/blog.ociomodell.com\/wordpress\/wp-content\/uploads\/2023\/10\/bmw-z8-james-bond-007-the-world-is-not-novedad-escala-124-marca-revell-ref-056621-e1698743488174.jpg?resize=350%2C200&ssl=1 1x, https:\/\/i0.wp.com\/blog.ociomodell.com\/wordpress\/wp-content\/uploads\/2023\/10\/bmw-z8-james-bond-007-the-world-is-not-novedad-escala-124-marca-revell-ref-056621-e1698743488174.jpg?resize=525%2C300&ssl=1 1.5x"},"classes":[]},{"id":1939,"url":"https:\/\/blog.ociomodell.com\/wordpress\/revell-tie-fighter-edicion-limitada-star-wars-escala-165-ref-06051\/","url_meta":{"origin":13871,"position":1},"title":"Revell &#8211; Tie fighter ( Edici\u00f3n limitada), Star Wars. Escala 1:65, Ref: 06051.","author":"Paco Gomez","date":"15 agosto, 2017","format":false,"excerpt":"Revell - Tie fighter ( Edici\u00f3n limitada), Star Wars. Escala 1:65, Ref: 06051.","rel":"","context":"En \u00abDecoraci\u00f3n - Revell\u00bb","block_context":{"text":"Decoraci\u00f3n - Revell","link":"https:\/\/blog.ociomodell.com\/wordpress\/category\/ociomodell-decoracion\/revell\/"},"img":{"alt_text":"Revell - Tie fighter ( Edici\u00f3n limitada), Star Wars. Escala 1:65, Ref: 06051.","src":"https:\/\/i0.wp.com\/blog.ociomodell.com\/wordpress\/wp-content\/uploads\/2017\/08\/tie-fighter-edicion-limitada-star-wars-escala-165-marca-revell-ref-06051.jpg?resize=350%2C200&ssl=1","width":350,"height":200},"classes":[]},{"id":14840,"url":"https:\/\/blog.ociomodell.com\/wordpress\/2014-corvette-stingray\/","url_meta":{"origin":13871,"position":2},"title":"2014 Corvette Stingray \u00abPromotion Box\u00bb easy-click system. Escala 1:25. Marca Revell. Ref: 07825, ue el primer Corvette en presentar el nombre \u00abStingray\u00bb de forma oficial desde 1976","author":"Paco Gomez","date":"14 diciembre, 2024","format":false,"excerpt":"Descubre el 2014 Corvette Stingray","rel":"","context":"En \u00abArt\u00edculos\u00bb","block_context":{"text":"Art\u00edculos","link":"https:\/\/blog.ociomodell.com\/wordpress\/category\/articulos\/"},"img":{"alt_text":"2014 Corvette Stingray \"Promotion Box\" easy-click system. Escala 1:25. Marca Revell. Ref: 07825","src":"https:\/\/i0.wp.com\/blog.ociomodell.com\/wordpress\/wp-content\/uploads\/2024\/12\/2014-corvette-stingray-promotion-box-easy-click-system-escala-125-marca-revell-ref-07825-e1734180414996.jpg?resize=350%2C200&ssl=1","width":350,"height":200,"srcset":"https:\/\/i0.wp.com\/blog.ociomodell.com\/wordpress\/wp-content\/uploads\/2024\/12\/2014-corvette-stingray-promotion-box-easy-click-system-escala-125-marca-revell-ref-07825-e1734180414996.jpg?resize=350%2C200&ssl=1 1x, https:\/\/i0.wp.com\/blog.ociomodell.com\/wordpress\/wp-content\/uploads\/2024\/12\/2014-corvette-stingray-promotion-box-easy-click-system-escala-125-marca-revell-ref-07825-e1734180414996.jpg?resize=525%2C300&ssl=1 1.5x, https:\/\/i0.wp.com\/blog.ociomodell.com\/wordpress\/wp-content\/uploads\/2024\/12\/2014-corvette-stingray-promotion-box-easy-click-system-escala-125-marca-revell-ref-07825-e1734180414996.jpg?resize=700%2C400&ssl=1 2x"},"classes":[]},{"id":9671,"url":"https:\/\/blog.ociomodell.com\/wordpress\/maqueta-1966-shelby-gt350h-escala-124-marca-revell-ref-12482-conocido-como-rent-racer-fue-version-especial-del-ford-mustang-producida-colaboracion-hertz-rent-car\/","url_meta":{"origin":13871,"position":3},"title":"Maqueta 1966 Shelby GT350H. Escala 1:24. Marca Revell. Ref: 12482, conocido como \u00abRent-a-Racer\u00bb, fue una versi\u00f3n especial del Ford Mustang producida en colaboraci\u00f3n con Hertz Rent-A-Car","author":"Paco Gomez","date":"3 enero, 2024","format":false,"excerpt":"Descubre la maqueta 1966 Shelby GT350H en escala 1:24 de la marca Revell. Conoce todos los detalles de este modelo conocido como","rel":"","context":"En \u00abOciomodell\u00bb","block_context":{"text":"Ociomodell","link":"https:\/\/blog.ociomodell.com\/wordpress\/category\/ociomodell\/"},"img":{"alt_text":"Maqueta 1966 Shelby GT350H. Escala 1:24. Marca Revell. Ref: 12482.","src":"https:\/\/i0.wp.com\/blog.ociomodell.com\/wordpress\/wp-content\/uploads\/2024\/01\/maqueta-1966-shelby-gt350h-escala-124-marca-revell-ref-124821.jpg?resize=350%2C200&ssl=1","width":350,"height":200,"srcset":"https:\/\/i0.wp.com\/blog.ociomodell.com\/wordpress\/wp-content\/uploads\/2024\/01\/maqueta-1966-shelby-gt350h-escala-124-marca-revell-ref-124821.jpg?resize=350%2C200&ssl=1 1x, https:\/\/i0.wp.com\/blog.ociomodell.com\/wordpress\/wp-content\/uploads\/2024\/01\/maqueta-1966-shelby-gt350h-escala-124-marca-revell-ref-124821.jpg?resize=525%2C300&ssl=1 1.5x, https:\/\/i0.wp.com\/blog.ociomodell.com\/wordpress\/wp-content\/uploads\/2024\/01\/maqueta-1966-shelby-gt350h-escala-124-marca-revell-ref-124821.jpg?resize=700%2C400&ssl=1 2x"},"classes":[]},{"id":13892,"url":"https:\/\/blog.ociomodell.com\/wordpress\/porsche-911-g\/","url_meta":{"origin":13871,"position":4},"title":"50 a\u00f1os del Porsche 911 G-Model . Escala 1:24. Marca Revell. Ref: 05646, Permite construir el modelo con volante a la izquierda o a la derecha, adapt\u00e1ndose a las preferencias de cada constructor.","author":"Paco Gomez","date":"11 octubre, 2024","format":false,"excerpt":"Descubre la maqueta del Porsche 911 G-Model a escala 1:24 de la marca Revell. Ref: 05646. Construye el modelo con volante a la izquierda o a la derecha seg\u00fan tus preferencias.","rel":"","context":"En \u00abArt\u00edculos\u00bb","block_context":{"text":"Art\u00edculos","link":"https:\/\/blog.ociomodell.com\/wordpress\/category\/articulos\/"},"img":{"alt_text":"50 a\u00f1os del Porsche 911 G-Model . Escala 1:24. Marca Revell. Ref: 05646","src":"https:\/\/i0.wp.com\/blog.ociomodell.com\/wordpress\/wp-content\/uploads\/2024\/10\/50-anos-del-porsche-911-g-model-escala-124-marca-revell-ref-05646-e1728604836544.jpg?resize=350%2C200&ssl=1","width":350,"height":200,"srcset":"https:\/\/i0.wp.com\/blog.ociomodell.com\/wordpress\/wp-content\/uploads\/2024\/10\/50-anos-del-porsche-911-g-model-escala-124-marca-revell-ref-05646-e1728604836544.jpg?resize=350%2C200&ssl=1 1x, https:\/\/i0.wp.com\/blog.ociomodell.com\/wordpress\/wp-content\/uploads\/2024\/10\/50-anos-del-porsche-911-g-model-escala-124-marca-revell-ref-05646-e1728604836544.jpg?resize=525%2C300&ssl=1 1.5x, https:\/\/i0.wp.com\/blog.ociomodell.com\/wordpress\/wp-content\/uploads\/2024\/10\/50-anos-del-porsche-911-g-model-escala-124-marca-revell-ref-05646-e1728604836544.jpg?resize=700%2C400&ssl=1 2x"},"classes":[]},{"id":11350,"url":"https:\/\/blog.ociomodell.com\/wordpress\/honda-civic-type-r-ep3\/","url_meta":{"origin":13871,"position":5},"title":"Honda Civic Type R LA-EP3. Escala 1:24. Marca Fujimi. Ref: 046860., es un ic\u00f3nico autom\u00f3vil deportivo de la marca japonesa Honda, reconocido por su potencia y agresivo dise\u00f1o.","author":"Paco Gomez","date":"15 abril, 2024","format":false,"excerpt":"Descubre el ic\u00f3nico autom\u00f3vil deportivo Honda Civic Type R LA-EP3 en escala 1:24 de la marca Fujimi. Conoce su potencia y agresivo dise\u00f1o.","rel":"","context":"En \u00abArt\u00edculos\u00bb","block_context":{"text":"Art\u00edculos","link":"https:\/\/blog.ociomodell.com\/wordpress\/category\/articulos\/"},"img":{"alt_text":"Honda Civic Type R LA-EP3. Escala 1:24. Marca Fujimi. Ref: 046860","src":"https:\/\/i0.wp.com\/blog.ociomodell.com\/wordpress\/wp-content\/uploads\/2024\/04\/honda-civic-type-r-la-ep3-escala-124-marca-fujimi-ref-0468601-e1713170428880.jpg?resize=350%2C200&ssl=1","width":350,"height":200},"classes":[]}],"jetpack_shortlink":"https:\/\/wp.me\/p7mZwQ-3BJ","_links":{"self":[{"href":"https:\/\/blog.ociomodell.com\/wordpress\/wp-json\/wp\/v2\/posts\/13871","targetHints":{"allow":["GET"]}}],"collection":[{"href":"https:\/\/blog.ociomodell.com\/wordpress\/wp-json\/wp\/v2\/posts"}],"about":[{"href":"https:\/\/blog.ociomodell.com\/wordpress\/wp-json\/wp\/v2\/types\/post"}],"author":[{"embeddable":true,"href":"https:\/\/blog.ociomodell.com\/wordpress\/wp-json\/wp\/v2\/users\/2"}],"replies":[{"embeddable":true,"href":"https:\/\/blog.ociomodell.com\/wordpress\/wp-json\/wp\/v2\/comments?post=13871"}],"version-history":[{"count":0,"href":"https:\/\/blog.ociomodell.com\/wordpress\/wp-json\/wp\/v2\/posts\/13871\/revisions"}],"wp:featuredmedia":[{"embeddable":true,"href":"https:\/\/blog.ociomodell.com\/wordpress\/wp-json\/wp\/v2\/media\/13873"}],"wp:attachment":[{"href":"https:\/\/blog.ociomodell.com\/wordpress\/wp-json\/wp\/v2\/media?parent=13871"}],"wp:term":[{"taxonomy":"category","embeddable":true,"href":"https:\/\/blog.ociomodell.com\/wordpress\/wp-json\/wp\/v2\/categories?post=13871"},{"taxonomy":"post_tag","embeddable":true,"href":"https:\/\/blog.ociomodell.com\/wordpress\/wp-json\/wp\/v2\/tags?post=13871"}],"curies":[{"name":"wp","href":"https:\/\/api.w.org\/{rel}","templated":true}]}}