{"id":14097,"date":"2024-10-22T14:22:35","date_gmt":"2024-10-22T12:22:35","guid":{"rendered":"https:\/\/blog.ociomodell.com\/wordpress\/?p=14097"},"modified":"2024-10-22T14:22:35","modified_gmt":"2024-10-22T12:22:35","slug":"alouette-ii","status":"publish","type":"post","link":"https:\/\/blog.ociomodell.com\/wordpress\/alouette-ii\/","title":{"rendered":"Alouette II. Escala 1:32. Marca Revell. Ref: 03804, Con su distintivo rotor en forma de cola \u00abfenestron\u00bb y su cabina de dise\u00f1o ergon\u00f3mico"},"content":{"rendered":"<p>&nbsp;<\/p>\n<h2><a href=\"https:\/\/ociomodell.com\/ociomodell\/revell\/18323-alouette-ii-escala-132-marca-revell-ref-03804-4009803903804.html\" target=\"_blank\" rel=\"noopener nofollow\">Alouette II. Escala 1:32. Marca Revell. Ref: 03804<\/a><\/h2>\n<h5>Descubre el detallado kit de modelos Alouette II, una obra maestra de la ingenier\u00eda francesa y uno de los pioneros entre los helic\u00f3pteros de turbina de gas. Este kit a escala 1:32 rinde homenaje a la tecnolog\u00eda pionera y el dise\u00f1o elegante del original. Con 191 piezas de precisi\u00f3n, ofrece un reto atractivo para los modelistas de nivel 4 que ya est\u00e1n avanzados en la afici\u00f3n. El helic\u00f3ptero terminado impresiona con una longitud de 303 mm, una altura de 86 mm y un di\u00e1metro de rotor de 318 mm, por lo que es una impresionante pieza de visualizaci\u00f3n en cualquier colecci\u00f3n.<\/h5>\n<h2>Tabla de Contenidos<\/h2>\n<ul>\n<li><a href=\"#descripcion\">Descripci\u00f3n<\/a><\/li>\n<li><a href=\"#montaje\">Montaje<\/a><\/li>\n<li><a href=\"#detalles\">Detalles T\u00e9cnicos<\/a><\/li>\n<\/ul>\n<h2 id=\"descripcion\">Descripci\u00f3n<\/h2>\n<p>El kit de modelos Alouette II a escala 1:32 de la marca Revell es una representaci\u00f3n detallada de este ic\u00f3nico helic\u00f3ptero. Con su distintivo rotor en forma de cola \u00abfenestron\u00bb y su cabina de dise\u00f1o ergon\u00f3mico, es un verdadero placer para los entusiastas del modelismo.<\/p>\n<h2>Montaje<\/h2>\n<figure id=\"attachment_14099\" aria-describedby=\"caption-attachment-14099\" style=\"width: 300px\" class=\"wp-caption alignright\"><img loading=\"lazy\" decoding=\"async\" data-attachment-id=\"14099\" data-permalink=\"https:\/\/blog.ociomodell.com\/wordpress\/alouette-ii\/alouette-ii-escala-132-marca-revell-ref-03804-1\/\" data-orig-file=\"https:\/\/blog.ociomodell.com\/wordpress\/wp-content\/uploads\/2024\/10\/alouette-ii-escala-132-marca-revell-ref-03804-1.jpg\" data-orig-size=\"800,800\" data-comments-opened=\"1\" data-image-meta=\"{&quot;aperture&quot;:&quot;0&quot;,&quot;credit&quot;:&quot;&quot;,&quot;camera&quot;:&quot;&quot;,&quot;caption&quot;:&quot;&quot;,&quot;created_timestamp&quot;:&quot;0&quot;,&quot;copyright&quot;:&quot;&quot;,&quot;focal_length&quot;:&quot;0&quot;,&quot;iso&quot;:&quot;0&quot;,&quot;shutter_speed&quot;:&quot;0&quot;,&quot;title&quot;:&quot;&quot;,&quot;orientation&quot;:&quot;0&quot;}\" data-image-title=\"Alouette II. Escala 1:32. Marca Revell. Ref: 03804, Con su distintivo rotor en forma de cola \u00abfenestron\u00bb y su cabina de dise\u00f1o ergon\u00f3mico\" data-image-description=\"&lt;p&gt;Alouette II. Escala 1:32. Marca Revell. Ref: 03804, Con su distintivo rotor en forma de cola \u00abfenestron\u00bb y su cabina de dise\u00f1o ergon\u00f3mico&lt;\/p&gt;\n\" data-image-caption=\"&lt;p&gt;Alouette II. Escala 1:32. Marca Revell. Ref: 03804, Con su distintivo rotor en forma de cola \u00abfenestron\u00bb y su cabina de dise\u00f1o ergon\u00f3mico&lt;\/p&gt;\n\" data-large-file=\"https:\/\/blog.ociomodell.com\/wordpress\/wp-content\/uploads\/2024\/10\/alouette-ii-escala-132-marca-revell-ref-03804-1.jpg\" class=\"size-medium wp-image-14099\" src=\"https:\/\/blog.ociomodell.com\/wordpress\/wp-content\/uploads\/2024\/10\/alouette-ii-escala-132-marca-revell-ref-03804-1-300x300.jpg\" alt=\"Alouette II. Escala 1:32. Marca Revell. Ref: 03804, Con su distintivo rotor en forma de cola &quot;fenestron&quot; y su cabina de dise\u00f1o ergon\u00f3mico\" width=\"300\" height=\"300\" title=\"\" srcset=\"https:\/\/blog.ociomodell.com\/wordpress\/wp-content\/uploads\/2024\/10\/alouette-ii-escala-132-marca-revell-ref-03804-1-300x300.jpg 300w, https:\/\/blog.ociomodell.com\/wordpress\/wp-content\/uploads\/2024\/10\/alouette-ii-escala-132-marca-revell-ref-03804-1-150x150.jpg 150w, https:\/\/blog.ociomodell.com\/wordpress\/wp-content\/uploads\/2024\/10\/alouette-ii-escala-132-marca-revell-ref-03804-1-768x768.jpg 768w, https:\/\/blog.ociomodell.com\/wordpress\/wp-content\/uploads\/2024\/10\/alouette-ii-escala-132-marca-revell-ref-03804-1-250x250.jpg 250w, https:\/\/blog.ociomodell.com\/wordpress\/wp-content\/uploads\/2024\/10\/alouette-ii-escala-132-marca-revell-ref-03804-1.jpg 800w\" sizes=\"auto, (max-width: 300px) 100vw, 300px\" \/><figcaption id=\"caption-attachment-14099\" class=\"wp-caption-text\">Alouette II. Escala 1:32. Marca Revell. Ref: 03804, Con su distintivo rotor en forma de cola \u00abfenestron\u00bb y su cabina de dise\u00f1o ergon\u00f3mico<\/figcaption><\/figure>\n<ol>\n<li>Abre el kit y organiza las piezas por secciones.<\/li>\n<li>Ensambla las piezas siguiendo las instrucciones detalladas incluidas en el manual.<\/li>\n<li>Aplica la pintura siguiendo las recomendaciones de color para lograr un acabado realista.<\/li>\n<li>Une las diferentes secciones para completar la construcci\u00f3n del helic\u00f3ptero Alouette II.<\/li>\n<\/ol>\n<h2 id=\"detalles\">Detalles T\u00e9cnicos<\/h2>\n<ul>\n<li>Marca: Revell<\/li>\n<li>Referencia: 03804<\/li>\n<li>Escala: 1:32<\/li>\n<li>Nivel: 4<\/li>\n<li>Longitud: 303 mm<\/li>\n<li>Altura: 86 mm<\/li>\n<li>Di\u00e1metro del rotor: 318 mm<\/li>\n<\/ul>\n<p>\u00a1Convi\u00e9rtete en un experto modelista con este desafiante kit de montaje en pl\u00e1stico! Para m\u00e1s detalles y adquirir este kit, visita <a href=\"https:\/\/ociomodell.com\/ociomodell\/revell\/18323-alouette-ii-escala-132-marca-revell-ref-03804-4009803903804.html\" rel=\"nofollow noopener\" target=\"_blank\">ociomodell.com<\/a>.<\/p>\n<p>&nbsp;<\/p>\n<h2>Informaci\u00f3n adicional:<\/h2>\n<h5><strong>Alouette II: Un Icono de la Ingenier\u00eda Francesa en Formato de Maqueta de Revell<\/strong><\/h5>\n<h5>En este art\u00edculo, nos adentraremos en el fascinante mundo de la maqueta Alouette II a escala 1:32 de la marca Revell, haciendo un an\u00e1lisis detallado de todas sus caracter\u00edsticas t\u00e9cnicas, curiosidades y datos hist\u00f3ricos. Este kit de montaje en pl\u00e1stico es una verdadera joya para entusiastas de la aviaci\u00f3n y la historia militar, ofreciendo un reto emocionante para modelistas de nivel 4. \u00a1Acomp\u00e1\u00f1anos en este recorrido por este ic\u00f3nico helic\u00f3ptero de turbina de gas!<\/h5>\n<h3 class=\"md-nonanchor-heading\">Caracter\u00edsticas T\u00e9cnicas:<\/h3>\n<figure id=\"attachment_14100\" aria-describedby=\"caption-attachment-14100\" style=\"width: 300px\" class=\"wp-caption alignright\"><img loading=\"lazy\" decoding=\"async\" data-attachment-id=\"14100\" data-permalink=\"https:\/\/blog.ociomodell.com\/wordpress\/alouette-ii\/alouette-ii-escala-132-marca-revell-ref-03804-2\/\" data-orig-file=\"https:\/\/blog.ociomodell.com\/wordpress\/wp-content\/uploads\/2024\/10\/alouette-ii-escala-132-marca-revell-ref-03804-2.jpg\" data-orig-size=\"800,800\" data-comments-opened=\"1\" data-image-meta=\"{&quot;aperture&quot;:&quot;0&quot;,&quot;credit&quot;:&quot;&quot;,&quot;camera&quot;:&quot;&quot;,&quot;caption&quot;:&quot;&quot;,&quot;created_timestamp&quot;:&quot;0&quot;,&quot;copyright&quot;:&quot;&quot;,&quot;focal_length&quot;:&quot;0&quot;,&quot;iso&quot;:&quot;0&quot;,&quot;shutter_speed&quot;:&quot;0&quot;,&quot;title&quot;:&quot;&quot;,&quot;orientation&quot;:&quot;0&quot;}\" data-image-title=\"Alouette II. Escala 1:32. Marca Revell. Ref: 03804, Con su distintivo rotor en forma de cola \u00abfenestron\u00bb y su cabina de dise\u00f1o ergon\u00f3mico\" data-image-description=\"&lt;p&gt;Alouette II. Escala 1:32. Marca Revell. Ref: 03804, Con su distintivo rotor en forma de cola \u00abfenestron\u00bb y su cabina de dise\u00f1o ergon\u00f3mico&lt;\/p&gt;\n\" data-image-caption=\"&lt;p&gt;Alouette II. Escala 1:32. Marca Revell. Ref: 03804, Con su distintivo rotor en forma de cola \u00abfenestron\u00bb y su cabina de dise\u00f1o ergon\u00f3mico&lt;\/p&gt;\n\" data-large-file=\"https:\/\/blog.ociomodell.com\/wordpress\/wp-content\/uploads\/2024\/10\/alouette-ii-escala-132-marca-revell-ref-03804-2.jpg\" class=\"size-medium wp-image-14100\" src=\"https:\/\/blog.ociomodell.com\/wordpress\/wp-content\/uploads\/2024\/10\/alouette-ii-escala-132-marca-revell-ref-03804-2-300x300.jpg\" alt=\"Alouette II. Escala 1:32. Marca Revell. Ref: 03804, Con su distintivo rotor en forma de cola &quot;fenestron&quot; y su cabina de dise\u00f1o ergon\u00f3mico\" width=\"300\" height=\"300\" title=\"\" srcset=\"https:\/\/blog.ociomodell.com\/wordpress\/wp-content\/uploads\/2024\/10\/alouette-ii-escala-132-marca-revell-ref-03804-2-300x300.jpg 300w, https:\/\/blog.ociomodell.com\/wordpress\/wp-content\/uploads\/2024\/10\/alouette-ii-escala-132-marca-revell-ref-03804-2-150x150.jpg 150w, https:\/\/blog.ociomodell.com\/wordpress\/wp-content\/uploads\/2024\/10\/alouette-ii-escala-132-marca-revell-ref-03804-2-768x768.jpg 768w, https:\/\/blog.ociomodell.com\/wordpress\/wp-content\/uploads\/2024\/10\/alouette-ii-escala-132-marca-revell-ref-03804-2-250x250.jpg 250w, https:\/\/blog.ociomodell.com\/wordpress\/wp-content\/uploads\/2024\/10\/alouette-ii-escala-132-marca-revell-ref-03804-2.jpg 800w\" sizes=\"auto, (max-width: 300px) 100vw, 300px\" \/><figcaption id=\"caption-attachment-14100\" class=\"wp-caption-text\">Alouette II. Escala 1:32. Marca Revell. Ref: 03804, Con su distintivo rotor en forma de cola \u00abfenestron\u00bb y su cabina de dise\u00f1o ergon\u00f3mico<\/figcaption><\/figure>\n<ul>\n<li><strong>Escala:<\/strong>\u00a01:32<\/li>\n<li><strong>Marca:<\/strong>\u00a0Revell<\/li>\n<li><strong>Referencia:<\/strong>\u00a003804<\/li>\n<li><strong>Requiere:<\/strong>\u00a0Ensamblado de piezas y pintura<\/li>\n<li><strong>Nivel de Dificultad:<\/strong>\u00a04<\/li>\n<\/ul>\n<p>El kit de la maqueta Alouette II cuenta con un total de 191 piezas de precisi\u00f3n que permiten recrear fielmente este emblem\u00e1tico helic\u00f3ptero. Con una longitud de 303 mm, una altura de 86 mm y un di\u00e1metro de rotor de 318 mm, el modelo terminado ser\u00e1 una impresionante pieza de colecci\u00f3n que capturar\u00e1 la atenci\u00f3n de todos los aficionados a la aviaci\u00f3n y la ingenier\u00eda.<\/p>\n<h3 class=\"md-nonanchor-heading\">Historia y Contexto:<\/h3>\n<p>El Alouette II es reconocido como uno de los pioneros entre los helic\u00f3pteros de turbina de gas, siendo un s\u00edmbolo de la innovaci\u00f3n en la industria aeroespacial francesa. Dise\u00f1ado y fabricado por Sud Aviation (posteriormente integrada en A\u00e9rospatiale), este helic\u00f3ptero ligero y vers\u00e1til desempe\u00f1\u00f3 un papel fundamental en diversas misiones militares y civiles.<\/p>\n<h3 class=\"md-nonanchor-heading\">Detalles y Curiosidades:<\/h3>\n<ul>\n<li>El Alouette II fue el primer helic\u00f3ptero equipado con una turbina de gas en el mundo, lo que le otorgaba una mayor potencia y eficiencia en comparaci\u00f3n con sus predecesores con motores de pist\u00f3n.<\/li>\n<li>Su dise\u00f1o compacto y su capacidad para operar en espacios reducidos lo convirtieron en una opci\u00f3n popular para misiones de rescate, evacuaci\u00f3n m\u00e9dica y reconocimiento.<\/li>\n<li>La versi\u00f3n militar del Alouette II fue utilizada por numerosas fuerzas armadas alrededor del mundo, demostrando su fiabilidad y adaptabilidad en escenarios diversos.<\/li>\n<li>Con su distintivo rotor en forma de cola \u00abfenestron\u00bb y su cabina de dise\u00f1o ergon\u00f3mico, el Alouette II se destacaba por su aerodin\u00e1mica avanzada y su facilidad de manejo.<\/li>\n<\/ul>\n<h3 class=\"md-nonanchor-heading\">Aspectos Destacados del Modelo:<\/h3>\n<figure id=\"attachment_14101\" aria-describedby=\"caption-attachment-14101\" style=\"width: 300px\" class=\"wp-caption alignright\"><img loading=\"lazy\" decoding=\"async\" data-attachment-id=\"14101\" data-permalink=\"https:\/\/blog.ociomodell.com\/wordpress\/alouette-ii\/alouette-ii-escala-132-marca-revell-ref-03804\/\" data-orig-file=\"https:\/\/blog.ociomodell.com\/wordpress\/wp-content\/uploads\/2024\/10\/alouette-ii-escala-132-marca-revell-ref-03804-e1729599644324.jpg\" data-orig-size=\"792,586\" data-comments-opened=\"1\" data-image-meta=\"{&quot;aperture&quot;:&quot;0&quot;,&quot;credit&quot;:&quot;&quot;,&quot;camera&quot;:&quot;&quot;,&quot;caption&quot;:&quot;&quot;,&quot;created_timestamp&quot;:&quot;0&quot;,&quot;copyright&quot;:&quot;&quot;,&quot;focal_length&quot;:&quot;0&quot;,&quot;iso&quot;:&quot;0&quot;,&quot;shutter_speed&quot;:&quot;0&quot;,&quot;title&quot;:&quot;&quot;,&quot;orientation&quot;:&quot;0&quot;}\" data-image-title=\"Alouette II. Escala 1:32. Marca Revell. Ref: 03804, Con su distintivo rotor en forma de cola \u00abfenestron\u00bb y su cabina de dise\u00f1o ergon\u00f3mico\" data-image-description=\"&lt;p&gt;Alouette II. Escala 1:32. Marca Revell. Ref: 03804, Con su distintivo rotor en forma de cola \u00abfenestron\u00bb y su cabina de dise\u00f1o ergon\u00f3mico&lt;\/p&gt;\n\" data-image-caption=\"&lt;p&gt;Alouette II. Escala 1:32. Marca Revell. Ref: 03804, Con su distintivo rotor en forma de cola \u00abfenestron\u00bb y su cabina de dise\u00f1o ergon\u00f3mico&lt;\/p&gt;\n\" data-large-file=\"https:\/\/blog.ociomodell.com\/wordpress\/wp-content\/uploads\/2024\/10\/alouette-ii-escala-132-marca-revell-ref-03804-e1729599644324.jpg\" class=\"wp-image-14101 size-medium\" src=\"https:\/\/blog.ociomodell.com\/wordpress\/wp-content\/uploads\/2024\/10\/alouette-ii-escala-132-marca-revell-ref-03804-e1729599644324-300x222.jpg\" alt=\"Alouette II. Escala 1:32. Marca Revell. Ref: 03804, Con su distintivo rotor en forma de cola &quot;fenestron&quot; y su cabina de dise\u00f1o ergon\u00f3mico\" width=\"300\" height=\"222\" title=\"\" srcset=\"https:\/\/blog.ociomodell.com\/wordpress\/wp-content\/uploads\/2024\/10\/alouette-ii-escala-132-marca-revell-ref-03804-e1729599644324-300x222.jpg 300w, https:\/\/blog.ociomodell.com\/wordpress\/wp-content\/uploads\/2024\/10\/alouette-ii-escala-132-marca-revell-ref-03804-e1729599644324-768x568.jpg 768w, https:\/\/blog.ociomodell.com\/wordpress\/wp-content\/uploads\/2024\/10\/alouette-ii-escala-132-marca-revell-ref-03804-e1729599644324-250x185.jpg 250w, https:\/\/blog.ociomodell.com\/wordpress\/wp-content\/uploads\/2024\/10\/alouette-ii-escala-132-marca-revell-ref-03804-e1729599644324.jpg 792w\" sizes=\"auto, (max-width: 300px) 100vw, 300px\" \/><figcaption id=\"caption-attachment-14101\" class=\"wp-caption-text\">Alouette II. Escala 1:32. Marca Revell. Ref: 03804, Con su distintivo rotor en forma de cola \u00abfenestron\u00bb y su cabina de dise\u00f1o ergon\u00f3mico<\/figcaption><\/figure>\n<ul>\n<li>Detallado interior de la cabina con asientos y paneles de control.<\/li>\n<li>Reproducci\u00f3n fiel de la estructura del fuselaje y el sistema de rotor.<\/li>\n<li>Posibilidad de personalizar la pintura y las marcas para recrear diferentes variantes y esquemas de camuflaje.<\/li>\n<li>Instrucciones paso a paso detalladas para facilitar el montaje y la pintura del modelo.<\/li>\n<\/ul>\n<p>En definitiva, la maqueta Alouette II a escala 1:32 de Revell es una verdadera obra de arte que rinde homenaje a la historia y la tecnolog\u00eda detr\u00e1s de este ic\u00f3nico helic\u00f3ptero. Con su nivel de detalle y su calidad de fabricaci\u00f3n, este kit es una opci\u00f3n ideal para aquellos que buscan un desaf\u00edo interesante y gratificante en el mundo del modelismo. \u00a1No dudes en adquirir esta pieza \u00fanica y agregar un toque de elegancia a tu colecci\u00f3n de modelos!<\/p>\n<p>Recuerda visitar\u00a0<span aria-haspopup=\"true\" aria-expanded=\"false\"><a href=\"https:\/\/ociomodell.com\/\" target=\"_blank\" rel=\"noopener noreferrer nofollow\">ociomodell.com<\/a><\/span>\u00a0para descubrir m\u00e1s modelos y herramientas para dar vida a tus pasiones creativas. \u00a1El cielo es el l\u00edmite cuando se trata de modelismo de calidad!<\/p>\n","protected":false},"excerpt":{"rendered":"<p>Descubre el detallado kit de modelos Alouette II a escala 1:32 de la marca Revell. Con su distintivo rotor en forma de cola <\/p>\n","protected":false},"author":2,"featured_media":14101,"comment_status":"open","ping_status":"closed","sticky":false,"template":"","format":"standard","meta":{"jetpack_post_was_ever_published":false,"_jetpack_newsletter_access":"","_jetpack_dont_email_post_to_subs":false,"_jetpack_newsletter_tier_id":0,"_jetpack_memberships_contains_paywalled_content":false,"_jetpack_memberships_contains_paid_content":false,"footnotes":"","jetpack_publicize_message":"","jetpack_publicize_feature_enabled":true,"jetpack_social_post_already_shared":true,"jetpack_social_options":{"image_generator_settings":{"template":"highway","default_image_id":0,"font":"","enabled":false},"version":2},"_links_to":"","_links_to_target":""},"categories":[5228,1546,8175,28],"tags":[8173,5630,8174,511,5291,5260,34],"class_list":["post-14097","post","type-post","status-publish","format-standard","has-post-thumbnail","hentry","category-articulos","category-ociomodell-escala-132","category-modelismo-plastico-helicopteros","category-ociomodell","tag-alouette-ii","tag-escala-132","tag-fenestron","tag-helicoptero","tag-kit-de-montaje","tag-marca-revell","tag-modelismo"],"jetpack_publicize_connections":[],"jetpack_featured_media_url":"https:\/\/blog.ociomodell.com\/wordpress\/wp-content\/uploads\/2024\/10\/alouette-ii-escala-132-marca-revell-ref-03804-e1729599644324.jpg","jetpack_sharing_enabled":true,"jetpack_likes_enabled":true,"jetpack-related-posts":[{"id":937,"url":"https:\/\/blog.ociomodell.com\/wordpress\/revell-helicoptero-eurocopter-tiger-uhthap-kit-plastico-listo-ensamblar-decorar-escala-172-ref-04485\/","url_meta":{"origin":14097,"position":0},"title":"Revell &#8211; Helic\u00f3ptero Eurocopter \u00bb Tiger\u00bb UHT\/HAP. kit de pl\u00e1stico listo para ensamblar y decorar. Escala 1:72. . Ref: 04485","author":"Paco Gomez","date":"25 febrero, 2017","format":false,"excerpt":"Revell - Helic\u00f3ptero Eurocopter \" Tiger\" UHT\/HAP. kit de pl\u00e1stico listo para ensamblar y decorar. Escala 1:72. . Ref: 04485","rel":"","context":"En \u00abAviaci\u00f3n\u00bb","block_context":{"text":"Aviaci\u00f3n","link":"https:\/\/blog.ociomodell.com\/wordpress\/category\/ociomodell-aviacion\/"},"img":{"alt_text":"Revell - Helic\u00f3ptero Eurocopter \" Tiger\" UHT\/HAP. kit de pl\u00e1stico listo para ensamblar y decorar. Escala 1:72. . Ref: 04485","src":"https:\/\/i0.wp.com\/blog.ociomodell.com\/wordpress\/wp-content\/uploads\/2017\/02\/helicoptero-eurocopter-tiger-uhthap-escala-172-marca-revell-ref-04485.jpg?resize=350%2C200&ssl=1","width":350,"height":200},"classes":[]},{"id":2823,"url":"https:\/\/blog.ociomodell.com\/wordpress\/revell-vehiculo-opel-gt-escala-132-ref-07680\/","url_meta":{"origin":14097,"position":1},"title":"Revell &#8211; Veh\u00edculo opel GT. Escala 1:32, Ref: 07680","author":"Paco Gomez","date":"3 marzo, 2018","format":false,"excerpt":"Revell - Veh\u00edculo opel GT. Escala 1:32, Ref: 07680","rel":"","context":"En \u00abEscala 1:32\u00bb","block_context":{"text":"Escala 1:32","link":"https:\/\/blog.ociomodell.com\/wordpress\/category\/escala\/ociomodell-escala-132\/"},"img":{"alt_text":"Revell - Veh\u00edculo opel GT. Escala 1:32, Ref: 07680","src":"https:\/\/i0.wp.com\/blog.ociomodell.com\/wordpress\/wp-content\/uploads\/2018\/03\/vehiculo-opel-gt-escala-132-marca-revell-ref-07680.jpg?resize=350%2C200&ssl=1","width":350,"height":200},"classes":[]},{"id":3739,"url":"https:\/\/blog.ociomodell.com\/wordpress\/revell-buque-de-desembarco-lsm-eidechse-class-aleman-escala-1144-ref-05139\/","url_meta":{"origin":14097,"position":2},"title":"Revell &#8211; Buque de desembarco, LSM Eidechse-class, alem\u00e1n, Escala: 1:144, Ref: 05139","author":"Paco Gomez","date":"12 julio, 2018","format":false,"excerpt":"Revell - Buque de desembarco, LSM Eidechse-class, alem\u00e1n, Escala: 1:144, Ref: 05139","rel":"","context":"En \u00abEscala 1:144\u00bb","block_context":{"text":"Escala 1:144","link":"https:\/\/blog.ociomodell.com\/wordpress\/category\/escala\/ociomodell-escala-1144\/"},"img":{"alt_text":"Revell - Buque de desembarco, LSM Eidechse-class, alem\u00e1n, Escala: 1:144, Ref: 05139","src":"https:\/\/i0.wp.com\/blog.ociomodell.com\/wordpress\/wp-content\/uploads\/2018\/07\/lsm-eidechse-class-05139.jpg?resize=350%2C200&ssl=1","width":350,"height":200},"classes":[]},{"id":18318,"url":"https:\/\/blog.ociomodell.com\/wordpress\/lockheed-martin-f-35a-lightning-ii\/","url_meta":{"origin":14097,"position":3},"title":"Lockheed Martin F-35A Lightning II\u00ae. Escala 1:72. Marca Revell. Ref: 03799","author":"Paco Gomez","date":"12 junio, 2025","format":false,"excerpt":"Descubre el kit de montaje en pl\u00e1stico del Lockheed Martin F-35A Lightning II\u00ae a escala 1:72 de Revell. Ideal para modelistas y entusiastas de la aviaci\u00f3n. Tecnolog\u00eda Furtiva:\u00a0El F-35A est\u00e1 dise\u00f1ado con una estructura que minimiza la firma radar, lo que le proporciona ventajas en el campo de combate. Sistema\u2026","rel":"","context":"En \u00abArt\u00edculos\u00bb","block_context":{"text":"Art\u00edculos","link":"https:\/\/blog.ociomodell.com\/wordpress\/category\/articulos\/"},"img":{"alt_text":"Lockheed Martin F-35A Lightning II\u00ae. Escala 1:72. Marca Revell. Ref: 03799","src":"https:\/\/i0.wp.com\/blog.ociomodell.com\/wordpress\/wp-content\/uploads\/2025\/06\/lockheed-martin-f-35a-lightning-ii-escala-172-marca-revell-ref-03799-3.jpg?resize=350%2C200&ssl=1","width":350,"height":200,"srcset":"https:\/\/i0.wp.com\/blog.ociomodell.com\/wordpress\/wp-content\/uploads\/2025\/06\/lockheed-martin-f-35a-lightning-ii-escala-172-marca-revell-ref-03799-3.jpg?resize=350%2C200&ssl=1 1x, https:\/\/i0.wp.com\/blog.ociomodell.com\/wordpress\/wp-content\/uploads\/2025\/06\/lockheed-martin-f-35a-lightning-ii-escala-172-marca-revell-ref-03799-3.jpg?resize=525%2C300&ssl=1 1.5x, https:\/\/i0.wp.com\/blog.ociomodell.com\/wordpress\/wp-content\/uploads\/2025\/06\/lockheed-martin-f-35a-lightning-ii-escala-172-marca-revell-ref-03799-3.jpg?resize=700%2C400&ssl=1 2x"},"classes":[]},{"id":18936,"url":"https:\/\/blog.ociomodell.com\/wordpress\/stearman-pt-17-kaydet\/","url_meta":{"origin":14097,"position":4},"title":"Stearman PT-17 Kaydet. Escala 1:32. Marca Revell. Ref: 03837","author":"Paco Gomez","date":"15 julio, 2025","format":false,"excerpt":"Descubre el kit de montaje en pl\u00e1stico del Stearman PT-17 Kaydet en escala 1:32 de Revell. Ideal para modelistas apasionados. El Stearman PT-17 Kaydet a escala 1:32 de Revell es una maravillosa representaci\u00f3n de un avi\u00f3n hist\u00f3rico que merece un lugar en cualquier colecci\u00f3n de modelismo. La calidad del kit,\u2026","rel":"","context":"En \u00abArt\u00edculos\u00bb","block_context":{"text":"Art\u00edculos","link":"https:\/\/blog.ociomodell.com\/wordpress\/category\/articulos\/"},"img":{"alt_text":"Stearman PT-17 Kaydet. Escala 1:32. Marca Revell. Ref: 03837.","src":"https:\/\/i0.wp.com\/blog.ociomodell.com\/wordpress\/wp-content\/uploads\/2025\/07\/stearman-pt-17-kaydet-escala-132-marca-revell-ref-03837.jpg?resize=350%2C200&ssl=1","width":350,"height":200,"srcset":"https:\/\/i0.wp.com\/blog.ociomodell.com\/wordpress\/wp-content\/uploads\/2025\/07\/stearman-pt-17-kaydet-escala-132-marca-revell-ref-03837.jpg?resize=350%2C200&ssl=1 1x, https:\/\/i0.wp.com\/blog.ociomodell.com\/wordpress\/wp-content\/uploads\/2025\/07\/stearman-pt-17-kaydet-escala-132-marca-revell-ref-03837.jpg?resize=525%2C300&ssl=1 1.5x, https:\/\/i0.wp.com\/blog.ociomodell.com\/wordpress\/wp-content\/uploads\/2025\/07\/stearman-pt-17-kaydet-escala-132-marca-revell-ref-03837.jpg?resize=700%2C400&ssl=1 2x"},"classes":[]},{"id":11017,"url":"https:\/\/blog.ociomodell.com\/wordpress\/british-challenger-i\/","url_meta":{"origin":14097,"position":5},"title":"British Challenger I . Escala 1:76. Marca Revell. Ref: 03308, es un tanque de batalla principal desarrollado en la d\u00e9cada de 1980 para las Fuerzas Armadas del Reino Unido. Es conocido por ser uno de los primeros tanques en utilizar un ca\u00f1\u00f3n liso de 120 mm","author":"Paco Gomez","date":"21 marzo, 2024","format":false,"excerpt":"Descubre todo sobre el British Challenger I, un tanque de batalla principal en escala 1:76 de la marca Revell. Conoce su historia y caracter\u00edsticas aqu\u00ed.","rel":"","context":"En \u00abDecoraci\u00f3n - Revell\u00bb","block_context":{"text":"Decoraci\u00f3n - Revell","link":"https:\/\/blog.ociomodell.com\/wordpress\/category\/ociomodell-decoracion\/revell\/"},"img":{"alt_text":"British Challenger I . Escala 1:76. Marca Revell. Ref: 03308.","src":"https:\/\/i0.wp.com\/blog.ociomodell.com\/wordpress\/wp-content\/uploads\/2024\/03\/british-challenger-i-escala-176-marca-revell-ref-033081-e1711060954157.jpg?resize=350%2C200&ssl=1","width":350,"height":200,"srcset":"https:\/\/i0.wp.com\/blog.ociomodell.com\/wordpress\/wp-content\/uploads\/2024\/03\/british-challenger-i-escala-176-marca-revell-ref-033081-e1711060954157.jpg?resize=350%2C200&ssl=1 1x, https:\/\/i0.wp.com\/blog.ociomodell.com\/wordpress\/wp-content\/uploads\/2024\/03\/british-challenger-i-escala-176-marca-revell-ref-033081-e1711060954157.jpg?resize=525%2C300&ssl=1 1.5x, https:\/\/i0.wp.com\/blog.ociomodell.com\/wordpress\/wp-content\/uploads\/2024\/03\/british-challenger-i-escala-176-marca-revell-ref-033081-e1711060954157.jpg?resize=700%2C400&ssl=1 2x"},"classes":[]}],"jetpack_shortlink":"https:\/\/wp.me\/p7mZwQ-3Fn","_links":{"self":[{"href":"https:\/\/blog.ociomodell.com\/wordpress\/wp-json\/wp\/v2\/posts\/14097","targetHints":{"allow":["GET"]}}],"collection":[{"href":"https:\/\/blog.ociomodell.com\/wordpress\/wp-json\/wp\/v2\/posts"}],"about":[{"href":"https:\/\/blog.ociomodell.com\/wordpress\/wp-json\/wp\/v2\/types\/post"}],"author":[{"embeddable":true,"href":"https:\/\/blog.ociomodell.com\/wordpress\/wp-json\/wp\/v2\/users\/2"}],"replies":[{"embeddable":true,"href":"https:\/\/blog.ociomodell.com\/wordpress\/wp-json\/wp\/v2\/comments?post=14097"}],"version-history":[{"count":0,"href":"https:\/\/blog.ociomodell.com\/wordpress\/wp-json\/wp\/v2\/posts\/14097\/revisions"}],"wp:featuredmedia":[{"embeddable":true,"href":"https:\/\/blog.ociomodell.com\/wordpress\/wp-json\/wp\/v2\/media\/14101"}],"wp:attachment":[{"href":"https:\/\/blog.ociomodell.com\/wordpress\/wp-json\/wp\/v2\/media?parent=14097"}],"wp:term":[{"taxonomy":"category","embeddable":true,"href":"https:\/\/blog.ociomodell.com\/wordpress\/wp-json\/wp\/v2\/categories?post=14097"},{"taxonomy":"post_tag","embeddable":true,"href":"https:\/\/blog.ociomodell.com\/wordpress\/wp-json\/wp\/v2\/tags?post=14097"}],"curies":[{"name":"wp","href":"https:\/\/api.w.org\/{rel}","templated":true}]}}