{"id":1936,"date":"2017-08-15T12:37:42","date_gmt":"2017-08-15T10:37:42","guid":{"rendered":"http:\/\/blog.ociomodell.com\/?p=1936"},"modified":"2017-08-15T12:37:58","modified_gmt":"2017-08-15T10:37:58","slug":"ociomodell-no-cerramos-verano-mantenemos-horario-comercial","status":"publish","type":"post","link":"https:\/\/blog.ociomodell.com\/wordpress\/ociomodell-no-cerramos-verano-mantenemos-horario-comercial\/","title":{"rendered":"Ociomodell &#8211; No cerramos en verano, mantenemos el mismo horario comercial"},"content":{"rendered":"<p>Ociomodell quiere informales que no cerramos en verano, mantenemos el mismo horario comercial.<\/p>\n<p>Les esperamos en nuestra nueva direcci\u00f3n comercial: <strong>Calle Valle de Zuriza 19, 50015 &#8211; Zaragoza<\/strong><\/p>\n<div class=\"_2pi9 _2pi2\"><\/div>\n<div class=\"_2pi9 _2pi2\">\n<div class=\"clearfix _ikh\">\n<div class=\"_4bl9\">\n<div>\n<p><strong>Horario apertura en local comercial:<\/strong><\/p>\n<p>Lunes a Viernes de \u00a010 a 13 horas y de 16 a 20 horas.<\/p>\n<p>S\u00e1bado de 10 a 13 horas<\/p>\n<\/div>\n<\/div>\n<\/div>\n<\/div>\n<p>&nbsp;<\/p>\n<p>&nbsp;<\/p>\n","protected":false},"excerpt":{"rendered":"<p>Ociomodell &#8211; No cerramos en Verano, mantenemos el mismo horario comercial<\/p>\n","protected":false},"author":2,"featured_media":1937,"comment_status":"open","ping_status":"closed","sticky":false,"template":"","format":"standard","meta":{"jetpack_post_was_ever_published":false,"_jetpack_newsletter_access":"","_jetpack_dont_email_post_to_subs":false,"_jetpack_newsletter_tier_id":0,"_jetpack_memberships_contains_paywalled_content":false,"_jetpack_memberships_contains_paid_content":false,"footnotes":"","jetpack_publicize_message":"","jetpack_publicize_feature_enabled":true,"jetpack_social_post_already_shared":true,"jetpack_social_options":{"image_generator_settings":{"template":"highway","default_image_id":0,"font":"","enabled":false},"version":2},"_links_to":"","_links_to_target":""},"categories":[28],"tags":[1872,1454,14,24,1876,1874,1875,34,278,5,1886,1873],"class_list":["post-1936","post","type-post","status-publish","format-standard","has-post-thumbnail","hentry","category-ociomodell","tag-cerramos","tag-comercial","tag-el","tag-en","tag-horario","tag-mantenemos","tag-mismo","tag-modelismo","tag-no","tag-ociomodell","tag-ociomodell-com","tag-verano"],"jetpack_publicize_connections":[],"jetpack_featured_media_url":"https:\/\/blog.ociomodell.com\/wordpress\/wp-content\/uploads\/2017\/08\/No-cerramos-en-verano.jpg","jetpack_sharing_enabled":true,"jetpack_likes_enabled":true,"jetpack-related-posts":[{"id":6014,"url":"https:\/\/blog.ociomodell.com\/wordpress\/ociomodell-aragon-television-realiza-una-entrevista-en-nuestro-local-comercial-para-uno-de-sus-programas-cientificos\/","url_meta":{"origin":1936,"position":0},"title":"Ociomodell &#8211; Arag\u00f3n televisi\u00f3n realiza una entrevista en nuestro local comercial para un programa cient\u00edfico.","author":"ociomodell","date":"7 enero, 2021","format":false,"excerpt":"Ociomodell - Arag\u00f3n televisi\u00f3n realiza una entrevista en nuestro local comercial para uno de sus programas cient\u00edficos.","rel":"","context":"En \u00abOciomodell\u00bb","block_context":{"text":"Ociomodell","link":"https:\/\/blog.ociomodell.com\/wordpress\/category\/ociomodell\/"},"img":{"alt_text":"Arag\u00f3n Televisi\u00f3n - Entrevista Ociomodell 1","src":"https:\/\/i0.wp.com\/blog.ociomodell.com\/wordpress\/wp-content\/uploads\/2021\/01\/Entrevista-Ociomodell-1.jpg?resize=350%2C200&ssl=1","width":350,"height":200,"srcset":"https:\/\/i0.wp.com\/blog.ociomodell.com\/wordpress\/wp-content\/uploads\/2021\/01\/Entrevista-Ociomodell-1.jpg?resize=350%2C200&ssl=1 1x, https:\/\/i0.wp.com\/blog.ociomodell.com\/wordpress\/wp-content\/uploads\/2021\/01\/Entrevista-Ociomodell-1.jpg?resize=525%2C300&ssl=1 1.5x, https:\/\/i0.wp.com\/blog.ociomodell.com\/wordpress\/wp-content\/uploads\/2021\/01\/Entrevista-Ociomodell-1.jpg?resize=700%2C400&ssl=1 2x, https:\/\/i0.wp.com\/blog.ociomodell.com\/wordpress\/wp-content\/uploads\/2021\/01\/Entrevista-Ociomodell-1.jpg?resize=1050%2C600&ssl=1 3x"},"classes":[]},{"id":9034,"url":"https:\/\/blog.ociomodell.com\/wordpress\/18-noviembre-2023-charla-dudas-modelismo-vehiculos-civiles-plazas-limitadas-10-13h-inscripcion-aqui\/","url_meta":{"origin":1936,"position":1},"title":"18 Noviembre 2023 &#8211; Charla y dudas de modelismo en veh\u00edculos civiles, Plazas Limitadas, de 10 a 13H, inscripci\u00f3n aqu\u00ed,","author":"Paco Gomez","date":"6 noviembre, 2023","format":false,"excerpt":"18 Noviembre 2023 Charla y dudas de modelismo en veh\u00edculos civiles. Plazas Limitadas. Horario de 10 a 13 Horas. Precio 5\u20ac. Aprende sobre modelismo en veh\u00edculos civiles en nuestra charla y resuelve tus dudas. \u00a1Inscr\u00edbete ahora!","rel":"","context":"En \u00abOciomodell\u00bb","block_context":{"text":"Ociomodell","link":"https:\/\/blog.ociomodell.com\/wordpress\/category\/ociomodell\/"},"img":{"alt_text":"18 Noviembre 2023 - Charla y dudas de modelismo en veh\u00edculos civiles, Plazas Limitadas, de 10 a 13H, inscripci\u00f3n aqu\u00ed,","src":"https:\/\/i0.wp.com\/blog.ociomodell.com\/wordpress\/wp-content\/uploads\/2023\/11\/taller-18nov23.jpg?resize=350%2C200&ssl=1","width":350,"height":200,"srcset":"https:\/\/i0.wp.com\/blog.ociomodell.com\/wordpress\/wp-content\/uploads\/2023\/11\/taller-18nov23.jpg?resize=350%2C200&ssl=1 1x, https:\/\/i0.wp.com\/blog.ociomodell.com\/wordpress\/wp-content\/uploads\/2023\/11\/taller-18nov23.jpg?resize=525%2C300&ssl=1 1.5x, https:\/\/i0.wp.com\/blog.ociomodell.com\/wordpress\/wp-content\/uploads\/2023\/11\/taller-18nov23.jpg?resize=700%2C400&ssl=1 2x, https:\/\/i0.wp.com\/blog.ociomodell.com\/wordpress\/wp-content\/uploads\/2023\/11\/taller-18nov23.jpg?resize=1050%2C600&ssl=1 3x"},"classes":[]},{"id":6056,"url":"https:\/\/blog.ociomodell.com\/wordpress\/ociomodell-nos-trasladamos-nuevo-local-comercial-en-san-juan-de-la-pena-no-14-zaragoza-50015\/","url_meta":{"origin":1936,"position":2},"title":"Nos trasladamos !!!! &#8211; Nuevo local comercial en San Juan de la Pe\u00f1a n\u00ba 14, Zaragoza &#8211; 50015","author":"Paco Gomez","date":"26 febrero, 2021","format":false,"excerpt":"Ociomodell - Nos trasladamos !!!! - Nuevo local comercial en San Juan de la Pe\u00f1a n\u00ba 14, Zaragoza - 50015","rel":"","context":"En \u00abOciomodell\u00bb","block_context":{"text":"Ociomodell","link":"https:\/\/blog.ociomodell.com\/wordpress\/category\/ociomodell\/"},"img":{"alt_text":"Ociomodell se traslada !! - Nuevo local comercial en San Juan de la Pe\u00f1a 14","src":"https:\/\/i0.wp.com\/blog.ociomodell.com\/wordpress\/wp-content\/uploads\/2021\/02\/fachada-ociomodell.jpg?resize=350%2C200&ssl=1","width":350,"height":200,"srcset":"https:\/\/i0.wp.com\/blog.ociomodell.com\/wordpress\/wp-content\/uploads\/2021\/02\/fachada-ociomodell.jpg?resize=350%2C200&ssl=1 1x, https:\/\/i0.wp.com\/blog.ociomodell.com\/wordpress\/wp-content\/uploads\/2021\/02\/fachada-ociomodell.jpg?resize=525%2C300&ssl=1 1.5x"},"classes":[]},{"id":1453,"url":"https:\/\/blog.ociomodell.com\/wordpress\/ociomodell-presentacion-del-nuevo-local-comercial-ociomodell-com-zaratren-com-calle-valle-zuriza-19-zaragoza-50015\/","url_meta":{"origin":1936,"position":3},"title":"Ociomodell &#8211; Presentaci\u00f3n del nuevo local comercial de Ociomodell.com y Zaratren.com, en Calle Valle de Zuriza 19, Zaragoza &#8211; 50015","author":"Paco Gomez","date":"22 mayo, 2017","format":false,"excerpt":"Ociomodell - Presentaci\u00f3n del nuevo local comercial de Zaratren.com y Ociomodell.com, en Calle Valle de Zuriza 19, Zaragoza - 50015","rel":"","context":"En \u00abComunicados\u00bb","block_context":{"text":"Comunicados","link":"https:\/\/blog.ociomodell.com\/wordpress\/category\/ociomodell-comunicados\/"},"img":{"alt_text":"Ociomodell - Presentaci\u00f3n del nuevo local comercial de Ociomodell.com y Zaratren.com, en Calle Valle de Zuriza 19, Zaragoza - 50015","src":"https:\/\/i0.wp.com\/blog.ociomodell.com\/wordpress\/wp-content\/uploads\/2017\/05\/IMG_3053_redu.jpg?resize=350%2C200&ssl=1","width":350,"height":200,"srcset":"https:\/\/i0.wp.com\/blog.ociomodell.com\/wordpress\/wp-content\/uploads\/2017\/05\/IMG_3053_redu.jpg?resize=350%2C200&ssl=1 1x, https:\/\/i0.wp.com\/blog.ociomodell.com\/wordpress\/wp-content\/uploads\/2017\/05\/IMG_3053_redu.jpg?resize=525%2C300&ssl=1 1.5x, https:\/\/i0.wp.com\/blog.ociomodell.com\/wordpress\/wp-content\/uploads\/2017\/05\/IMG_3053_redu.jpg?resize=700%2C400&ssl=1 2x"},"classes":[]},{"id":1721,"url":"https:\/\/blog.ociomodell.com\/wordpress\/ociomodell-1o-aniversario-ociomodell-com-56-marcas-mas-3000-referencias-disponibles\/","url_meta":{"origin":1936,"position":4},"title":"Ociomodell &#8211; 1\u00ba Aniversario de ociomodell.com con 56 marcas y m\u00e1s de 3000 referencias disponibles","author":"Paco Gomez","date":"5 julio, 2017","format":false,"excerpt":"Ociomodell - 1\u00ba Aniversario de ociomodell.com con 56 marcas y m\u00e1s de 3000 referencias disponibles","rel":"","context":"En \u00abOciomodell\u00bb","block_context":{"text":"Ociomodell","link":"https:\/\/blog.ociomodell.com\/wordpress\/category\/ociomodell\/"},"img":{"alt_text":"Ociomodell - Nueva apertura de local comercial Nos trasladamos a la calle Valle de Zuriza, n\u00ba19 \u2013 Zaragoza 50015 \u2013 Lunes 22 de Mayo apertura.","src":"https:\/\/i0.wp.com\/blog.ociomodell.com\/wordpress\/wp-content\/uploads\/2016\/07\/logo-de-lona.png?resize=350%2C200&ssl=1","width":350,"height":200,"srcset":"https:\/\/i0.wp.com\/blog.ociomodell.com\/wordpress\/wp-content\/uploads\/2016\/07\/logo-de-lona.png?resize=350%2C200&ssl=1 1x, https:\/\/i0.wp.com\/blog.ociomodell.com\/wordpress\/wp-content\/uploads\/2016\/07\/logo-de-lona.png?resize=525%2C300&ssl=1 1.5x, https:\/\/i0.wp.com\/blog.ociomodell.com\/wordpress\/wp-content\/uploads\/2016\/07\/logo-de-lona.png?resize=700%2C400&ssl=1 2x, https:\/\/i0.wp.com\/blog.ociomodell.com\/wordpress\/wp-content\/uploads\/2016\/07\/logo-de-lona.png?resize=1050%2C600&ssl=1 3x, https:\/\/i0.wp.com\/blog.ociomodell.com\/wordpress\/wp-content\/uploads\/2016\/07\/logo-de-lona.png?resize=1400%2C800&ssl=1 4x"},"classes":[]},{"id":1448,"url":"https:\/\/blog.ociomodell.com\/wordpress\/ociomodell-nueva-apertura-local-comercial-nos-trasladamos-la-calle-valle-zuriza-no19-zaragoza-50015-lunes-22-mayo-apertura\/","url_meta":{"origin":1936,"position":5},"title":"Ociomodell &#8211; Nueva apertura de local comercial, nos trasladamos a la calle Valle de Zuriza, n\u00ba19 \u2013 Zaragoza 50015 \u2013 Lunes 22 de Mayo apertura.","author":"Paco Gomez","date":"17 mayo, 2017","format":false,"excerpt":"Ociomodell - Nueva apertura de local comercial Nos trasladamos a la calle Valle de Zuriza, n\u00ba19 \u2013 Zaragoza 50015 \u2013 Lunes 22 de Mayo apertura.","rel":"","context":"En \u00abComunicados\u00bb","block_context":{"text":"Comunicados","link":"https:\/\/blog.ociomodell.com\/wordpress\/category\/ociomodell-comunicados\/"},"img":{"alt_text":"Ociomodell - Nueva apertura de local comercial Nos trasladamos a la calle Valle de Zuriza, n\u00ba19 \u2013 Zaragoza 50015 \u2013 Lunes 22 de Mayo apertura.","src":"https:\/\/i0.wp.com\/blog.ociomodell.com\/wordpress\/wp-content\/uploads\/2016\/07\/logo-de-lona.png?resize=350%2C200&ssl=1","width":350,"height":200,"srcset":"https:\/\/i0.wp.com\/blog.ociomodell.com\/wordpress\/wp-content\/uploads\/2016\/07\/logo-de-lona.png?resize=350%2C200&ssl=1 1x, https:\/\/i0.wp.com\/blog.ociomodell.com\/wordpress\/wp-content\/uploads\/2016\/07\/logo-de-lona.png?resize=525%2C300&ssl=1 1.5x, https:\/\/i0.wp.com\/blog.ociomodell.com\/wordpress\/wp-content\/uploads\/2016\/07\/logo-de-lona.png?resize=700%2C400&ssl=1 2x, https:\/\/i0.wp.com\/blog.ociomodell.com\/wordpress\/wp-content\/uploads\/2016\/07\/logo-de-lona.png?resize=1050%2C600&ssl=1 3x, https:\/\/i0.wp.com\/blog.ociomodell.com\/wordpress\/wp-content\/uploads\/2016\/07\/logo-de-lona.png?resize=1400%2C800&ssl=1 4x"},"classes":[]}],"jetpack_shortlink":"https:\/\/wp.me\/p7mZwQ-ve","_links":{"self":[{"href":"https:\/\/blog.ociomodell.com\/wordpress\/wp-json\/wp\/v2\/posts\/1936","targetHints":{"allow":["GET"]}}],"collection":[{"href":"https:\/\/blog.ociomodell.com\/wordpress\/wp-json\/wp\/v2\/posts"}],"about":[{"href":"https:\/\/blog.ociomodell.com\/wordpress\/wp-json\/wp\/v2\/types\/post"}],"author":[{"embeddable":true,"href":"https:\/\/blog.ociomodell.com\/wordpress\/wp-json\/wp\/v2\/users\/2"}],"replies":[{"embeddable":true,"href":"https:\/\/blog.ociomodell.com\/wordpress\/wp-json\/wp\/v2\/comments?post=1936"}],"version-history":[{"count":0,"href":"https:\/\/blog.ociomodell.com\/wordpress\/wp-json\/wp\/v2\/posts\/1936\/revisions"}],"wp:featuredmedia":[{"embeddable":true,"href":"https:\/\/blog.ociomodell.com\/wordpress\/wp-json\/wp\/v2\/media\/1937"}],"wp:attachment":[{"href":"https:\/\/blog.ociomodell.com\/wordpress\/wp-json\/wp\/v2\/media?parent=1936"}],"wp:term":[{"taxonomy":"category","embeddable":true,"href":"https:\/\/blog.ociomodell.com\/wordpress\/wp-json\/wp\/v2\/categories?post=1936"},{"taxonomy":"post_tag","embeddable":true,"href":"https:\/\/blog.ociomodell.com\/wordpress\/wp-json\/wp\/v2\/tags?post=1936"}],"curies":[{"name":"wp","href":"https:\/\/api.w.org\/{rel}","templated":true}]}}