{"id":6014,"date":"2021-01-07T23:55:42","date_gmt":"2021-01-07T21:55:42","guid":{"rendered":"https:\/\/blog.ociomodell.com\/wordpress\/?p=6014"},"modified":"2021-01-08T18:15:31","modified_gmt":"2021-01-08T16:15:31","slug":"ociomodell-aragon-television-realiza-una-entrevista-en-nuestro-local-comercial-para-uno-de-sus-programas-cientificos","status":"publish","type":"post","link":"https:\/\/blog.ociomodell.com\/wordpress\/ociomodell-aragon-television-realiza-una-entrevista-en-nuestro-local-comercial-para-uno-de-sus-programas-cientificos\/","title":{"rendered":"Ociomodell &#8211; Arag\u00f3n televisi\u00f3n realiza una entrevista en nuestro local comercial para un programa cient\u00edfico."},"content":{"rendered":"<p>Ayer d\u00eda 6 de de enero, dentro del programa <a href=\"http:\/\/www.aragontelevision.es\/programas\/en-ruta-con-la-ciencia\/\" target=\"_blank\" rel=\"noopener noreferrer nofollow\">\u00abEn ruta con la ciencia\u00bb<\/a>, Arag\u00f3n televisi\u00f3n emiti\u00f3 la entrevista realizada a \u00abJOSE ANTONIO D\u00cdAZ\u00bb en nuestro local comercial de Ociomodell.com y\u00a0 Zaratren.com, enmarcada dentro del capitulo<a href=\"http:\/\/alacarta.aragontelevision.es\/programas\/en-ruta-con-la-ciencia\/cap-162-cientificos-y-aventureros-06012021-2254\" target=\"_blank\" rel=\"noopener noreferrer nofollow\"> \u00bb CAP. 162 &#8211; CIENT\u00cdFICOS Y AVENTUREROS\u00bb<\/a>.<\/p>\n<p>Algunas instant\u00e1neas de la entrevista y el enlace al cap\u00edtulo :<\/p>\n<figure id=\"attachment_6015\" aria-describedby=\"caption-attachment-6015\" style=\"width: 300px\" class=\"wp-caption aligncenter\"><a href=\"http:\/\/alacarta.aragontelevision.es\/programas\/en-ruta-con-la-ciencia\/cap-162-cientificos-y-aventureros-06012021-2254\" target=\"_blank\" rel=\"noopener noreferrer nofollow\"><img loading=\"lazy\" decoding=\"async\" data-attachment-id=\"6015\" data-permalink=\"https:\/\/blog.ociomodell.com\/wordpress\/ociomodell-aragon-television-realiza-una-entrevista-en-nuestro-local-comercial-para-uno-de-sus-programas-cientificos\/entrevista-ociomodell-1\/\" data-orig-file=\"https:\/\/blog.ociomodell.com\/wordpress\/wp-content\/uploads\/2021\/01\/Entrevista-Ociomodell-1.jpg\" data-orig-size=\"1170,579\" data-comments-opened=\"1\" data-image-title=\"Entrevista Ociomodell 1\" data-image-description=\"&lt;p&gt;Arag\u00f3n Televisi\u00f3n &amp;#8211; Entrevista Ociomodell 1&lt;\/p&gt;\n\" data-image-caption=\"&lt;p&gt;Arag\u00f3n Televisi\u00f3n &amp;#8211; Entrevista Ociomodell 1&lt;\/p&gt;\n\" data-large-file=\"https:\/\/blog.ociomodell.com\/wordpress\/wp-content\/uploads\/2021\/01\/Entrevista-Ociomodell-1-1024x507.jpg\" class=\"size-medium wp-image-6015\" src=\"https:\/\/blog.ociomodell.com\/wordpress\/wp-content\/uploads\/2021\/01\/Entrevista-Ociomodell-1-300x148.jpg\" alt=\"Arag\u00f3n Televisi\u00f3n - Entrevista Ociomodell 1\" width=\"300\" height=\"148\" title=\"\" srcset=\"https:\/\/blog.ociomodell.com\/wordpress\/wp-content\/uploads\/2021\/01\/Entrevista-Ociomodell-1-300x148.jpg 300w, https:\/\/blog.ociomodell.com\/wordpress\/wp-content\/uploads\/2021\/01\/Entrevista-Ociomodell-1-1024x507.jpg 1024w, https:\/\/blog.ociomodell.com\/wordpress\/wp-content\/uploads\/2021\/01\/Entrevista-Ociomodell-1-768x380.jpg 768w, https:\/\/blog.ociomodell.com\/wordpress\/wp-content\/uploads\/2021\/01\/Entrevista-Ociomodell-1-250x124.jpg 250w, https:\/\/blog.ociomodell.com\/wordpress\/wp-content\/uploads\/2021\/01\/Entrevista-Ociomodell-1.jpg 1170w\" sizes=\"auto, (max-width: 300px) 100vw, 300px\" \/><\/a><figcaption id=\"caption-attachment-6015\" class=\"wp-caption-text\">Arag\u00f3n Televisi\u00f3n &#8211; Entrevista Ociomodell 1<\/figcaption><\/figure>\n<figure id=\"attachment_6016\" aria-describedby=\"caption-attachment-6016\" style=\"width: 300px\" class=\"wp-caption aligncenter\"><a href=\"http:\/\/alacarta.aragontelevision.es\/programas\/en-ruta-con-la-ciencia\/cap-162-cientificos-y-aventureros-06012021-2254\" target=\"_blank\" rel=\"noopener noreferrer nofollow\"><img loading=\"lazy\" decoding=\"async\" data-attachment-id=\"6016\" data-permalink=\"https:\/\/blog.ociomodell.com\/wordpress\/ociomodell-aragon-television-realiza-una-entrevista-en-nuestro-local-comercial-para-uno-de-sus-programas-cientificos\/entrevista-ociomodell-2\/\" data-orig-file=\"https:\/\/blog.ociomodell.com\/wordpress\/wp-content\/uploads\/2021\/01\/Entrevista-Ociomodell-2.jpg\" data-orig-size=\"1166,576\" data-comments-opened=\"1\" data-image-title=\"Arag\u00f3n Televisi\u00f3n &amp;#8211; Entrevista Ociomodell 2\" data-image-description=\"&lt;p&gt;Arag\u00f3n Televisi\u00f3n &amp;#8211; Entrevista Ociomodell 2&lt;\/p&gt;\n\" data-image-caption=\"&lt;p&gt;Arag\u00f3n Televisi\u00f3n &amp;#8211; Entrevista Ociomodell 2&lt;\/p&gt;\n\" data-large-file=\"https:\/\/blog.ociomodell.com\/wordpress\/wp-content\/uploads\/2021\/01\/Entrevista-Ociomodell-2-1024x506.jpg\" class=\"size-medium wp-image-6016\" src=\"https:\/\/blog.ociomodell.com\/wordpress\/wp-content\/uploads\/2021\/01\/Entrevista-Ociomodell-2-300x148.jpg\" alt=\"Arag\u00f3n Televisi\u00f3n - Entrevista Ociomodell 2\" width=\"300\" height=\"148\" title=\"\" srcset=\"https:\/\/blog.ociomodell.com\/wordpress\/wp-content\/uploads\/2021\/01\/Entrevista-Ociomodell-2-300x148.jpg 300w, https:\/\/blog.ociomodell.com\/wordpress\/wp-content\/uploads\/2021\/01\/Entrevista-Ociomodell-2-1024x506.jpg 1024w, https:\/\/blog.ociomodell.com\/wordpress\/wp-content\/uploads\/2021\/01\/Entrevista-Ociomodell-2-768x379.jpg 768w, https:\/\/blog.ociomodell.com\/wordpress\/wp-content\/uploads\/2021\/01\/Entrevista-Ociomodell-2-250x123.jpg 250w, https:\/\/blog.ociomodell.com\/wordpress\/wp-content\/uploads\/2021\/01\/Entrevista-Ociomodell-2.jpg 1166w\" sizes=\"auto, (max-width: 300px) 100vw, 300px\" \/><\/a><figcaption id=\"caption-attachment-6016\" class=\"wp-caption-text\">Arag\u00f3n Televisi\u00f3n &#8211; Entrevista Ociomodell 2<\/figcaption><\/figure>\n<figure id=\"attachment_6017\" aria-describedby=\"caption-attachment-6017\" style=\"width: 300px\" class=\"wp-caption aligncenter\"><a href=\"http:\/\/alacarta.aragontelevision.es\/programas\/en-ruta-con-la-ciencia\/cap-162-cientificos-y-aventureros-06012021-2254\" target=\"_blank\" rel=\"noopener noreferrer nofollow\"><img loading=\"lazy\" decoding=\"async\" data-attachment-id=\"6017\" data-permalink=\"https:\/\/blog.ociomodell.com\/wordpress\/ociomodell-aragon-television-realiza-una-entrevista-en-nuestro-local-comercial-para-uno-de-sus-programas-cientificos\/entrevista-ociomodell-agradecimientos\/\" data-orig-file=\"https:\/\/blog.ociomodell.com\/wordpress\/wp-content\/uploads\/2021\/01\/Entrevista-Ociomodell-AGRADECIMIENTOS.jpg\" data-orig-size=\"1158,569\" data-comments-opened=\"1\" data-image-title=\"Arag\u00f3n Televisi\u00f3n &amp;#8211; Entrevista Ociomodell AGRADECIMIENTOS\" data-image-description=\"&lt;p&gt;Arag\u00f3n Televisi\u00f3n &amp;#8211; Entrevista Ociomodell AGRADECIMIENTOS&lt;\/p&gt;\n\" data-image-caption=\"&lt;p&gt;Arag\u00f3n Televisi\u00f3n &amp;#8211; Entrevista Ociomodell AGRADECIMIENTOS&lt;\/p&gt;\n\" data-large-file=\"https:\/\/blog.ociomodell.com\/wordpress\/wp-content\/uploads\/2021\/01\/Entrevista-Ociomodell-AGRADECIMIENTOS-1024x503.jpg\" class=\"size-medium wp-image-6017\" src=\"https:\/\/blog.ociomodell.com\/wordpress\/wp-content\/uploads\/2021\/01\/Entrevista-Ociomodell-AGRADECIMIENTOS-300x147.jpg\" alt=\"Arag\u00f3n Televisi\u00f3n - Entrevista Ociomodell AGRADECIMIENTOS\" width=\"300\" height=\"147\" title=\"\" srcset=\"https:\/\/blog.ociomodell.com\/wordpress\/wp-content\/uploads\/2021\/01\/Entrevista-Ociomodell-AGRADECIMIENTOS-300x147.jpg 300w, https:\/\/blog.ociomodell.com\/wordpress\/wp-content\/uploads\/2021\/01\/Entrevista-Ociomodell-AGRADECIMIENTOS-1024x503.jpg 1024w, https:\/\/blog.ociomodell.com\/wordpress\/wp-content\/uploads\/2021\/01\/Entrevista-Ociomodell-AGRADECIMIENTOS-768x377.jpg 768w, https:\/\/blog.ociomodell.com\/wordpress\/wp-content\/uploads\/2021\/01\/Entrevista-Ociomodell-AGRADECIMIENTOS-250x123.jpg 250w, https:\/\/blog.ociomodell.com\/wordpress\/wp-content\/uploads\/2021\/01\/Entrevista-Ociomodell-AGRADECIMIENTOS.jpg 1158w\" sizes=\"auto, (max-width: 300px) 100vw, 300px\" \/><\/a><figcaption id=\"caption-attachment-6017\" class=\"wp-caption-text\">Arag\u00f3n Televisi\u00f3n &#8211; Entrevista Ociomodell AGRADECIMIENTOS<\/figcaption><\/figure>\n","protected":false},"excerpt":{"rendered":"<p>Ociomodell &#8211; Arag\u00f3n televisi\u00f3n realiza una entrevista en nuestro local comercial para uno de sus programas cient\u00edficos.<\/p>\n","protected":false},"author":3,"featured_media":6015,"comment_status":"open","ping_status":"closed","sticky":false,"template":"","format":"standard","meta":{"_jetpack_newsletter_access":"","_jetpack_dont_email_post_to_subs":false,"_jetpack_newsletter_tier_id":0,"_jetpack_memberships_contains_paywalled_content":false,"_jetpack_feature_clip_id":0,"_jetpack_memberships_contains_paid_content":false,"footnotes":"","jetpack_publicize_message":"","jetpack_publicize_feature_enabled":true,"jetpack_social_post_already_shared":true,"jetpack_social_options":{"image_generator_settings":{"template":"highway","default_image_id":0,"font":"","enabled":false},"version":2},"jetpack_post_was_ever_published":false,"_links_to":"","_links_to_target":""},"categories":[28],"tags":[2410,4383,1454,4382,4381,1453,5,4380,2411],"class_list":["post-6014","post","type-post","status-publish","format-standard","has-post-thumbnail","hentry","category-ociomodell","tag-aragon","tag-cientifico","tag-comercial","tag-divulgativo","tag-entrevista","tag-local","tag-ociomodell","tag-programa","tag-television"],"jetpack_publicize_connections":[],"jetpack_sharing_enabled":true,"jetpack_likes_enabled":true,"jetpack-related-posts":[{"id":2640,"url":"https:\/\/blog.ociomodell.com\/wordpress\/ociomodell-reportaje-aragon-television-ociomodell-com-zaratren-com-realizado-dia-25-enero-2018\/","url_meta":{"origin":6014,"position":0},"title":"Ociomodell &#8211;  Reportaje de Arag\u00f3n Televisi\u00f3n sobre Ociomodell.com y Zaratren.com realizado el d\u00eda 25 de Enero de 2018","author":"Paco Gomez","date":"27 enero, 2018","format":false,"excerpt":"Reportaje de Arag\u00f3n Televisi\u00f3n sobre\u00a0Ociomodell.com\u00a0y Zaratren.com\u00a0 \u00a0realizado el d\u00eda 25 de Enero de 2018","rel":"","context":"En \u00abOciomodell\u00bb","block_context":{"text":"Ociomodell","link":"https:\/\/blog.ociomodell.com\/wordpress\/category\/ociomodell\/"},"img":{"alt_text":"Reportaje de Arag\u00f3n Televisi\u00f3n sobre\u00a0Ociomodell.com\u00a0y Zaratren.com\u00a0 \u00a0realizado el d\u00eda 25 de Enero de 2018","src":"https:\/\/i0.wp.com\/blog.ociomodell.com\/wordpress\/wp-content\/uploads\/2018\/01\/reportaje_Antena_aragon.png?resize=350%2C200&ssl=1","width":350,"height":200,"srcset":"https:\/\/i0.wp.com\/blog.ociomodell.com\/wordpress\/wp-content\/uploads\/2018\/01\/reportaje_Antena_aragon.png?resize=350%2C200&ssl=1 1x, https:\/\/i0.wp.com\/blog.ociomodell.com\/wordpress\/wp-content\/uploads\/2018\/01\/reportaje_Antena_aragon.png?resize=525%2C300&ssl=1 1.5x, https:\/\/i0.wp.com\/blog.ociomodell.com\/wordpress\/wp-content\/uploads\/2018\/01\/reportaje_Antena_aragon.png?resize=700%2C400&ssl=1 2x, https:\/\/i0.wp.com\/blog.ociomodell.com\/wordpress\/wp-content\/uploads\/2018\/01\/reportaje_Antena_aragon.png?resize=1050%2C600&ssl=1 3x, https:\/\/i0.wp.com\/blog.ociomodell.com\/wordpress\/wp-content\/uploads\/2018\/01\/reportaje_Antena_aragon.png?resize=1400%2C800&ssl=1 4x"},"classes":[]},{"id":11302,"url":"https:\/\/blog.ociomodell.com\/wordpress\/descuento-automatico-especial\/","url_meta":{"origin":6014,"position":1},"title":"Descuento autom\u00e1tico especial del 10% en toda la tienda &#8211; (23 de Abril de 2024 &#8211; D\u00eda de San Jorge)","author":"Paco Gomez","date":"21 abril, 2024","format":false,"excerpt":"Descuento autom\u00e1tico del 10% en toda la tienda de Ociomodell.com por el D\u00eda de San Jorge. Aprovecha esta promoci\u00f3n exclusiva el 23 de abril de 2024.","rel":"","context":"En \u00abArt\u00edculos\u00bb","block_context":{"text":"Art\u00edculos","link":"https:\/\/blog.ociomodell.com\/wordpress\/category\/articulos\/"},"img":{"alt_text":"Descuento autom\u00e1tico especial \"San Jorge\" - Patr\u00f3n de Arag\u00f3n - 10% en toda la tienda","src":"https:\/\/i0.wp.com\/blog.ociomodell.com\/wordpress\/wp-content\/uploads\/2024\/04\/PARA-23ABR24.jpg?resize=350%2C200&ssl=1","width":350,"height":200,"srcset":"https:\/\/i0.wp.com\/blog.ociomodell.com\/wordpress\/wp-content\/uploads\/2024\/04\/PARA-23ABR24.jpg?resize=350%2C200&ssl=1 1x, https:\/\/i0.wp.com\/blog.ociomodell.com\/wordpress\/wp-content\/uploads\/2024\/04\/PARA-23ABR24.jpg?resize=525%2C300&ssl=1 1.5x, https:\/\/i0.wp.com\/blog.ociomodell.com\/wordpress\/wp-content\/uploads\/2024\/04\/PARA-23ABR24.jpg?resize=700%2C400&ssl=1 2x, https:\/\/i0.wp.com\/blog.ociomodell.com\/wordpress\/wp-content\/uploads\/2024\/04\/PARA-23ABR24.jpg?resize=1050%2C600&ssl=1 3x"},"classes":[]},{"id":3396,"url":"https:\/\/blog.ociomodell.com\/wordpress\/fotografias-nueva-seccion-en-nuestro-blog-ociomodell-com\/","url_meta":{"origin":6014,"position":2},"title":"Fotograf\u00edas &#8211; Nueva secci\u00f3n en nuestro blog.ociomodell.com","author":"Paco Gomez","date":"11 junio, 2018","format":false,"excerpt":"Fotograf\u00edas - Nueva secci\u00f3n en nuestro blog.ociomodell.com","rel":"","context":"En \u00abFotografia\u00bb","block_context":{"text":"Fotografia","link":"https:\/\/blog.ociomodell.com\/wordpress\/category\/fotografia\/"},"img":{"alt_text":"Fotograf\u00edas - Nueva secci\u00f3n en nuestro blog.ociomodell.com","src":"https:\/\/i0.wp.com\/blog.ociomodell.com\/wordpress\/wp-content\/uploads\/2018\/06\/Captura-de-pantalla-2018-06-11-a-las-23.46.04.png?resize=350%2C200&ssl=1","width":350,"height":200,"srcset":"https:\/\/i0.wp.com\/blog.ociomodell.com\/wordpress\/wp-content\/uploads\/2018\/06\/Captura-de-pantalla-2018-06-11-a-las-23.46.04.png?resize=350%2C200&ssl=1 1x, https:\/\/i0.wp.com\/blog.ociomodell.com\/wordpress\/wp-content\/uploads\/2018\/06\/Captura-de-pantalla-2018-06-11-a-las-23.46.04.png?resize=525%2C300&ssl=1 1.5x, https:\/\/i0.wp.com\/blog.ociomodell.com\/wordpress\/wp-content\/uploads\/2018\/06\/Captura-de-pantalla-2018-06-11-a-las-23.46.04.png?resize=700%2C400&ssl=1 2x"},"classes":[]},{"id":1453,"url":"https:\/\/blog.ociomodell.com\/wordpress\/ociomodell-presentacion-del-nuevo-local-comercial-ociomodell-com-zaratren-com-calle-valle-zuriza-19-zaragoza-50015\/","url_meta":{"origin":6014,"position":3},"title":"Ociomodell &#8211; Presentaci\u00f3n del nuevo local comercial de Ociomodell.com y Zaratren.com, en Calle Valle de Zuriza 19, Zaragoza &#8211; 50015","author":"Paco Gomez","date":"22 mayo, 2017","format":false,"excerpt":"Ociomodell - Presentaci\u00f3n del nuevo local comercial de Zaratren.com y Ociomodell.com, en Calle Valle de Zuriza 19, Zaragoza - 50015","rel":"","context":"En \u00abComunicados\u00bb","block_context":{"text":"Comunicados","link":"https:\/\/blog.ociomodell.com\/wordpress\/category\/ociomodell-comunicados\/"},"img":{"alt_text":"Ociomodell - Presentaci\u00f3n del nuevo local comercial de Ociomodell.com y Zaratren.com, en Calle Valle de Zuriza 19, Zaragoza - 50015","src":"https:\/\/i0.wp.com\/blog.ociomodell.com\/wordpress\/wp-content\/uploads\/2017\/05\/IMG_3053_redu.jpg?resize=350%2C200&ssl=1","width":350,"height":200,"srcset":"https:\/\/i0.wp.com\/blog.ociomodell.com\/wordpress\/wp-content\/uploads\/2017\/05\/IMG_3053_redu.jpg?resize=350%2C200&ssl=1 1x, https:\/\/i0.wp.com\/blog.ociomodell.com\/wordpress\/wp-content\/uploads\/2017\/05\/IMG_3053_redu.jpg?resize=525%2C300&ssl=1 1.5x, https:\/\/i0.wp.com\/blog.ociomodell.com\/wordpress\/wp-content\/uploads\/2017\/05\/IMG_3053_redu.jpg?resize=700%2C400&ssl=1 2x"},"classes":[]},{"id":1936,"url":"https:\/\/blog.ociomodell.com\/wordpress\/ociomodell-no-cerramos-verano-mantenemos-horario-comercial\/","url_meta":{"origin":6014,"position":4},"title":"Ociomodell &#8211; No cerramos en verano, mantenemos el mismo horario comercial","author":"Paco Gomez","date":"15 agosto, 2017","format":false,"excerpt":"Ociomodell - No cerramos en Verano, mantenemos el mismo horario comercial","rel":"","context":"En \u00abOciomodell\u00bb","block_context":{"text":"Ociomodell","link":"https:\/\/blog.ociomodell.com\/wordpress\/category\/ociomodell\/"},"img":{"alt_text":"Ociomodell - No cerramos en Verano, mantenemos el mismo horario comercial","src":"https:\/\/i0.wp.com\/blog.ociomodell.com\/wordpress\/wp-content\/uploads\/2017\/08\/No-cerramos-en-verano.jpg?resize=350%2C200&ssl=1","width":350,"height":200,"srcset":"https:\/\/i0.wp.com\/blog.ociomodell.com\/wordpress\/wp-content\/uploads\/2017\/08\/No-cerramos-en-verano.jpg?resize=350%2C200&ssl=1 1x, https:\/\/i0.wp.com\/blog.ociomodell.com\/wordpress\/wp-content\/uploads\/2017\/08\/No-cerramos-en-verano.jpg?resize=525%2C300&ssl=1 1.5x, https:\/\/i0.wp.com\/blog.ociomodell.com\/wordpress\/wp-content\/uploads\/2017\/08\/No-cerramos-en-verano.jpg?resize=700%2C400&ssl=1 2x"},"classes":[]},{"id":118,"url":"https:\/\/blog.ociomodell.com\/wordpress\/ociomodell-com-inicio-actividad-la-tienda-online-modelismo-general\/","url_meta":{"origin":6014,"position":5},"title":"Ociomodell.com &#8211; Inicio de actividad de la tienda online para modelismo en general","author":"Paco Gomez","date":"23 julio, 2016","format":false,"excerpt":"Queremos compartir con ustedes nuestra nueva empresa Ociomodell especializada en todo tipo de art\u00edculos para modelismo tanto est\u00e1tico como din\u00e1mico, localizado en Zaragoza. Tenemos gran experiencia dentro del sector en otro tipo de hobby consolidado su funcionamiento y en donde estamos trabajando desde el 2009. Sobre \u00e9sta base estamos aplicando\u2026","rel":"","context":"En \u00abComunicados\u00bb","block_context":{"text":"Comunicados","link":"https:\/\/blog.ociomodell.com\/wordpress\/category\/ociomodell-comunicados\/"},"img":{"alt_text":"Ociomodell - Nueva apertura de local comercial Nos trasladamos a la calle Valle de Zuriza, n\u00ba19 \u2013 Zaragoza 50015 \u2013 Lunes 22 de Mayo apertura.","src":"https:\/\/i0.wp.com\/blog.ociomodell.com\/wordpress\/wp-content\/uploads\/2016\/07\/logo-de-lona.png?resize=350%2C200&ssl=1","width":350,"height":200,"srcset":"https:\/\/i0.wp.com\/blog.ociomodell.com\/wordpress\/wp-content\/uploads\/2016\/07\/logo-de-lona.png?resize=350%2C200&ssl=1 1x, https:\/\/i0.wp.com\/blog.ociomodell.com\/wordpress\/wp-content\/uploads\/2016\/07\/logo-de-lona.png?resize=525%2C300&ssl=1 1.5x, https:\/\/i0.wp.com\/blog.ociomodell.com\/wordpress\/wp-content\/uploads\/2016\/07\/logo-de-lona.png?resize=700%2C400&ssl=1 2x, https:\/\/i0.wp.com\/blog.ociomodell.com\/wordpress\/wp-content\/uploads\/2016\/07\/logo-de-lona.png?resize=1050%2C600&ssl=1 3x, https:\/\/i0.wp.com\/blog.ociomodell.com\/wordpress\/wp-content\/uploads\/2016\/07\/logo-de-lona.png?resize=1400%2C800&ssl=1 4x"},"classes":[]}],"jetpack_shortlink":"https:\/\/wp.me\/p7mZwQ-1z0","jetpack_featured_media_url":"https:\/\/blog.ociomodell.com\/wordpress\/wp-content\/uploads\/2021\/01\/Entrevista-Ociomodell-1.jpg","_links":{"self":[{"href":"https:\/\/blog.ociomodell.com\/wordpress\/wp-json\/wp\/v2\/posts\/6014","targetHints":{"allow":["GET"]}}],"collection":[{"href":"https:\/\/blog.ociomodell.com\/wordpress\/wp-json\/wp\/v2\/posts"}],"about":[{"href":"https:\/\/blog.ociomodell.com\/wordpress\/wp-json\/wp\/v2\/types\/post"}],"author":[{"embeddable":true,"href":"https:\/\/blog.ociomodell.com\/wordpress\/wp-json\/wp\/v2\/users\/3"}],"replies":[{"embeddable":true,"href":"https:\/\/blog.ociomodell.com\/wordpress\/wp-json\/wp\/v2\/comments?post=6014"}],"version-history":[{"count":0,"href":"https:\/\/blog.ociomodell.com\/wordpress\/wp-json\/wp\/v2\/posts\/6014\/revisions"}],"wp:featuredmedia":[{"embeddable":true,"href":"https:\/\/blog.ociomodell.com\/wordpress\/wp-json\/wp\/v2\/media\/6015"}],"wp:attachment":[{"href":"https:\/\/blog.ociomodell.com\/wordpress\/wp-json\/wp\/v2\/media?parent=6014"}],"wp:term":[{"taxonomy":"category","embeddable":true,"href":"https:\/\/blog.ociomodell.com\/wordpress\/wp-json\/wp\/v2\/categories?post=6014"},{"taxonomy":"post_tag","embeddable":true,"href":"https:\/\/blog.ociomodell.com\/wordpress\/wp-json\/wp\/v2\/tags?post=6014"}],"curies":[{"name":"wp","href":"https:\/\/api.w.org\/{rel}","templated":true}]}}