{"id":6096,"date":"2021-03-26T17:00:19","date_gmt":"2021-03-26T15:00:19","guid":{"rendered":"https:\/\/blog.ociomodell.com\/wordpress\/?p=6096"},"modified":"2024-09-15T19:10:44","modified_gmt":"2024-09-15T17:10:44","slug":"vehiculo-1932-ford-5-window-coupe-2n1-escala-124-marca-revell-ref-14228-85-4228","status":"publish","type":"post","link":"https:\/\/blog.ociomodell.com\/wordpress\/vehiculo-1932-ford-5-window-coupe-2n1-escala-124-marca-revell-ref-14228-85-4228\/","title":{"rendered":"Veh\u00edculo 1932 Ford 5 Window Coupe 2n1. Escala 1:24. Marca Revell. Ref: 14228 ( 85-4228 )."},"content":{"rendered":"<figure id=\"attachment_6097\" aria-describedby=\"caption-attachment-6097\" style=\"width: 300px\" class=\"wp-caption alignnone\"><img loading=\"lazy\" decoding=\"async\" data-attachment-id=\"6097\" data-permalink=\"https:\/\/blog.ociomodell.com\/wordpress\/vehiculo-1932-ford-5-window-coupe-2n1-escala-124-marca-revell-ref-14228-85-4228\/1-7\/\" data-orig-file=\"https:\/\/blog.ociomodell.com\/wordpress\/wp-content\/uploads\/2021\/03\/1.jpg\" data-orig-size=\"800,800\" data-comments-opened=\"1\" data-image-meta=\"{&quot;aperture&quot;:&quot;0&quot;,&quot;credit&quot;:&quot;&quot;,&quot;camera&quot;:&quot;&quot;,&quot;caption&quot;:&quot;&quot;,&quot;created_timestamp&quot;:&quot;0&quot;,&quot;copyright&quot;:&quot;&quot;,&quot;focal_length&quot;:&quot;0&quot;,&quot;iso&quot;:&quot;0&quot;,&quot;shutter_speed&quot;:&quot;0&quot;,&quot;title&quot;:&quot;&quot;,&quot;orientation&quot;:&quot;0&quot;}\" data-image-title=\"Veh\u00edculo 1932 Ford 5 Window Coupe 2n1. Escala 1:24. Marca Revell. Ref: 14228 ( 85-4228 ).\" data-image-description=\"&lt;p&gt;Veh\u00edculo 1932 Ford 5 Window Coupe 2n1. Escala 1:24. Marca Revell. Ref: 14228 ( 85-4228 ).&lt;\/p&gt;\n\" data-image-caption=\"&lt;p&gt;Veh\u00edculo 1932 Ford 5 Window Coupe 2n1. Escala 1:24. Marca Revell. Ref: 14228 ( 85-4228 ).&lt;\/p&gt;\n\" data-large-file=\"https:\/\/blog.ociomodell.com\/wordpress\/wp-content\/uploads\/2021\/03\/1.jpg\" class=\"size-medium wp-image-6097\" src=\"https:\/\/blog.ociomodell.com\/wordpress\/wp-content\/uploads\/2021\/03\/1-300x300.jpg\" alt=\"Veh\u00edculo 1932 Ford 5 Window Coupe 2n1. Escala 1:24. Marca Revell. Ref: 14228 ( 85-4228 ).\" width=\"300\" height=\"300\" title=\"\" srcset=\"https:\/\/blog.ociomodell.com\/wordpress\/wp-content\/uploads\/2021\/03\/1-300x300.jpg 300w, https:\/\/blog.ociomodell.com\/wordpress\/wp-content\/uploads\/2021\/03\/1-150x150.jpg 150w, https:\/\/blog.ociomodell.com\/wordpress\/wp-content\/uploads\/2021\/03\/1-768x768.jpg 768w, https:\/\/blog.ociomodell.com\/wordpress\/wp-content\/uploads\/2021\/03\/1-250x250.jpg 250w, https:\/\/blog.ociomodell.com\/wordpress\/wp-content\/uploads\/2021\/03\/1-50x50.jpg 50w, https:\/\/blog.ociomodell.com\/wordpress\/wp-content\/uploads\/2021\/03\/1.jpg 800w\" sizes=\"auto, (max-width: 300px) 100vw, 300px\" \/><figcaption id=\"caption-attachment-6097\" class=\"wp-caption-text\">Veh\u00edculo 1932 Ford 5 Window Coupe 2n1. Escala 1:24. Marca Revell. Ref: 14228 ( 85-4228 ).<\/figcaption><\/figure>\n<h5>Revell &#8211; <a href=\"https:\/\/ociomodell.com\/ociomodell\/revell\/13756-vehiculo-1932-ford-5-window-coupe-2n1-escala-124-marca-revell-ref-14228-85-4228--031445042287.html\" rel=\"nofollow noopener\" target=\"_blank\">Veh\u00edculo 1932 Ford 5 Window Coupe 2n1. Escala 1:24. Ref&#8230;&#8230;<\/a><\/h5>\n<p>&#8211;<a href=\"https:\/\/ociomodell.com\/ociomodell\/revell\/13756-vehiculo-1932-ford-5-window-coupe-2n1-escala-124-marca-revell-ref-14228-85-4228--031445042287.html\" rel=\"nofollow noopener\" target=\"_blank\"> VEH\u00cdCULO 1932, FORD 5 WINDOWS COUPE 2N1.<\/a><\/p>\n<ul>\n<li>KIT DE MONTAJE EN PL\u00c1STICO.<\/p>\n<\/li>\n<li>\n<p>NIVEL 5.<\/p>\n<\/li>\n<li>\n<p>REQUIERE: ENSAMBLADO DE PIEZAS Y PINTURA.<\/p>\n<\/li>\n<li>\n<p>INCLUYE CALCAS Y RUEDAS DE GOMA.<\/p>\n<\/li>\n<\/ul>\n<p><a href=\"https:\/\/ociomodell.com\/ociomodell\/1070-escala-124\" rel=\"nofollow noopener\" target=\"_blank\">&#8211; ESCALA: 1:24.<\/a><\/p>\n<ul>\n<li>\n<p>MARCA: <a href=\"https:\/\/ociomodell.com\/ociomodell\/1234-revell\" rel=\"nofollow noopener\" target=\"_blank\">REVELL\/MONOGRAM.<\/a><\/p>\n<\/li>\n<li>\n<p>REF: <a href=\"https:\/\/ociomodell.com\/ociomodell\/revell\/13756-vehiculo-1932-ford-5-window-coupe-2n1-escala-124-marca-revell-ref-14228-85-4228--031445042287.html\" rel=\"nofollow noopener\" target=\"_blank\">14228, ( 85-4228 ).<\/a><\/p>\n<\/li>\n<\/ul>\n","protected":false},"excerpt":{"rendered":"<p>Revell &#8211; Veh\u00edculo 1932 Ford 5 Window Coupe 2n1. Escala 1:24. Ref&#8230;&#8230; &#8211; VEH\u00cdCULO 1932, FORD 5 WINDOWS COUPE 2N1. KIT DE MONTAJE EN PL\u00c1STICO. NIVEL 5. REQUIERE: ENSAMBLADO DE [&hellip;]<\/p>\n","protected":false},"author":4,"featured_media":6098,"comment_status":"open","ping_status":"closed","sticky":false,"template":"","format":"standard","meta":{"jetpack_post_was_ever_published":false,"_jetpack_newsletter_access":"","_jetpack_dont_email_post_to_subs":false,"_jetpack_newsletter_tier_id":0,"_jetpack_memberships_contains_paywalled_content":false,"_jetpack_memberships_contains_paid_content":false,"footnotes":"","jetpack_publicize_message":"","jetpack_publicize_feature_enabled":true,"jetpack_social_post_already_shared":true,"jetpack_social_options":{"image_generator_settings":{"template":"highway","default_image_id":0,"font":"","enabled":false},"version":2},"_links_to":"","_links_to_target":""},"categories":[2044,8001,693],"tags":[4398,2048,4397,4393,4396,841,4395,82,1630,25,65,47,501,4394],"class_list":["post-6096","post","type-post","status-publish","format-standard","has-post-thumbnail","hentry","category-escala-124","category-revell","category-ociomodell-modelismo-plastico-vehiculos","tag-85-4228","tag-2048","tag-4397","tag-4393","tag-2n1","tag-841","tag-coupe","tag-escala","tag-ford","tag-marca","tag-ref","tag-revell","tag-vehiculo","tag-window"],"jetpack_publicize_connections":[],"jetpack_featured_media_url":"https:\/\/blog.ociomodell.com\/wordpress\/wp-content\/uploads\/2021\/03\/vehiculo-1932-ford-5-window-coupe-2n1-escala-124-marca-revell-ref-14228-85-4228-.jpg","jetpack_sharing_enabled":true,"jetpack_likes_enabled":true,"jetpack-related-posts":[{"id":2823,"url":"https:\/\/blog.ociomodell.com\/wordpress\/revell-vehiculo-opel-gt-escala-132-ref-07680\/","url_meta":{"origin":6096,"position":0},"title":"Revell &#8211; Veh\u00edculo opel GT. Escala 1:32, Ref: 07680","author":"Paco Gomez","date":"3 marzo, 2018","format":false,"excerpt":"Revell - Veh\u00edculo opel GT. Escala 1:32, Ref: 07680","rel":"","context":"En \u00abEscala 1:32\u00bb","block_context":{"text":"Escala 1:32","link":"https:\/\/blog.ociomodell.com\/wordpress\/category\/escala\/ociomodell-escala-132\/"},"img":{"alt_text":"Revell - Veh\u00edculo opel GT. Escala 1:32, Ref: 07680","src":"https:\/\/i0.wp.com\/blog.ociomodell.com\/wordpress\/wp-content\/uploads\/2018\/03\/vehiculo-opel-gt-escala-132-marca-revell-ref-07680.jpg?resize=350%2C200&ssl=1","width":350,"height":200},"classes":[]},{"id":2021,"url":"https:\/\/blog.ociomodell.com\/wordpress\/revell-vehiculo-sd-kfz-7-8-8-cm-flak-37-escala-172-ref-03210\/","url_meta":{"origin":6096,"position":1},"title":"\u00a0Revell &#8211; Veh\u00edculo Sd.Kfz.7 y 8.8 cm Flak 37. Escala 1:72,. Ref: 03210.","author":"Paco Gomez","date":"6 septiembre, 2017","format":false,"excerpt":"\u00a0Revell - Veh\u00edculo Sd.Kfz.7 y 8.8 cm Flak 37. Escala 1:72,. Ref: 03210.","rel":"","context":"En \u00abEscala 1:72\u00bb","block_context":{"text":"Escala 1:72","link":"https:\/\/blog.ociomodell.com\/wordpress\/category\/escala\/ociomodell-escala-172\/"},"img":{"alt_text":"\u00a0Revell - Veh\u00edculo Sd.Kfz.7 y 8.8 cm Flak 37. Escala 1:72,. Ref: 03210.","src":"https:\/\/i0.wp.com\/blog.ociomodell.com\/wordpress\/wp-content\/uploads\/2017\/09\/vehiculo-sdkfz-7-y-88cm-flak-37-escala-172-marca-revell-ref-03210-1.jpg?resize=350%2C200&ssl=1","width":350,"height":200},"classes":[]},{"id":12351,"url":"https:\/\/blog.ociomodell.com\/wordpress\/at-st-escala-148\/","url_meta":{"origin":6096,"position":2},"title":"AT-ST. Escala 1:48. Marca revell-Bandai. Ref: 01202, El AT-ST, acr\u00f3nimo de \u00abAll Terrain Scout Transport\u00bb en ingl\u00e9s, es un veh\u00edculo de combate bipedo utilizado por el Imperio Gal\u00e1ctico en el universo de Star Wars","author":"Paco Gomez","date":"31 julio, 2024","format":false,"excerpt":"Descubre el incre\u00edble kit de montaje del AT-ST a escala 1:48 de la marca Revell-Bandai. Este modelo detallado del veh\u00edculo de combate b\u00edpode del Imperio Gal\u00e1ctico es perfecto para los fan\u00e1ticos de Star Wars.","rel":"","context":"En \u00abDecoraci\u00f3n - Revell\u00bb","block_context":{"text":"Decoraci\u00f3n - Revell","link":"https:\/\/blog.ociomodell.com\/wordpress\/category\/ociomodell-decoracion\/revell\/"},"img":{"alt_text":"AT-ST. Escala 1:48. Marca revell-Bandai. Ref: 01202.","src":"https:\/\/i0.wp.com\/blog.ociomodell.com\/wordpress\/wp-content\/uploads\/2024\/07\/at-st-escala-148-marca-revell-bandai-ref-01202-e1722437288607.jpg?resize=350%2C200&ssl=1","width":350,"height":200,"srcset":"https:\/\/i0.wp.com\/blog.ociomodell.com\/wordpress\/wp-content\/uploads\/2024\/07\/at-st-escala-148-marca-revell-bandai-ref-01202-e1722437288607.jpg?resize=350%2C200&ssl=1 1x, https:\/\/i0.wp.com\/blog.ociomodell.com\/wordpress\/wp-content\/uploads\/2024\/07\/at-st-escala-148-marca-revell-bandai-ref-01202-e1722437288607.jpg?resize=525%2C300&ssl=1 1.5x, https:\/\/i0.wp.com\/blog.ociomodell.com\/wordpress\/wp-content\/uploads\/2024\/07\/at-st-escala-148-marca-revell-bandai-ref-01202-e1722437288607.jpg?resize=700%2C400&ssl=1 2x"},"classes":[]},{"id":14958,"url":"https:\/\/blog.ociomodell.com\/wordpress\/150-anos-vaillant\/","url_meta":{"origin":6096,"position":3},"title":"150 a\u00f1os de Vaillant &#8211; VW T1. Escala 1:24. Marca Revell. Ref: 05648, tambi\u00e9n conocido como \u00abTransporter\u00bb o \u00abMicrob\u00fas\u00bb, es un veh\u00edculo ic\u00f3nico que ha dejado una huella imborrable en la cultura automotriz.","author":"Paco Gomez","date":"18 diciembre, 2024","format":false,"excerpt":"Descubre el kit de montaje en pl\u00e1stico de la VW T1 de Vaillant en escala 1:24 de la marca Revell. Un icono de la cultura automotriz.","rel":"","context":"En \u00abArt\u00edculos\u00bb","block_context":{"text":"Art\u00edculos","link":"https:\/\/blog.ociomodell.com\/wordpress\/category\/articulos\/"},"img":{"alt_text":"150 a\u00f1os de Vaillant - VW T1. Escala 1:24. Marca Revell. Ref: 05648","src":"https:\/\/i0.wp.com\/blog.ociomodell.com\/wordpress\/wp-content\/uploads\/2024\/12\/150-anos-de-vaillant-vw-t1-escala-124-marca-revell-ref-05648.jpg?resize=350%2C200&ssl=1","width":350,"height":200,"srcset":"https:\/\/i0.wp.com\/blog.ociomodell.com\/wordpress\/wp-content\/uploads\/2024\/12\/150-anos-de-vaillant-vw-t1-escala-124-marca-revell-ref-05648.jpg?resize=350%2C200&ssl=1 1x, https:\/\/i0.wp.com\/blog.ociomodell.com\/wordpress\/wp-content\/uploads\/2024\/12\/150-anos-de-vaillant-vw-t1-escala-124-marca-revell-ref-05648.jpg?resize=525%2C300&ssl=1 1.5x, https:\/\/i0.wp.com\/blog.ociomodell.com\/wordpress\/wp-content\/uploads\/2024\/12\/150-anos-de-vaillant-vw-t1-escala-124-marca-revell-ref-05648.jpg?resize=700%2C400&ssl=1 2x"},"classes":[]},{"id":11529,"url":"https:\/\/blog.ociomodell.com\/wordpress\/coche-35-years-of-vw-corrado\/","url_meta":{"origin":6096,"position":4},"title":"Coche 35 years of VW Corrado. Inc. pinturas y adhesivo. Escala 1:24. Marca Revell. Ref: 05666, Pinturas, pinceles, pegamento, calcoman\u00edas y ruedas de goma, todo lo necesario para completar el modelo","author":"Paco Gomez","date":"8 mayo, 2024","format":false,"excerpt":"Coche 35 years of VW Corrado - \u00a1Celebra 35 a\u00f1os de VW Corrado con este kit de modelo a escala 1:24 de Revell! Incluye pinturas, pinceles, pegamento, calcoman\u00edas y ruedas de goma. Todo lo necesario para completar el modelo.","rel":"","context":"En \u00abArt\u00edculos\u00bb","block_context":{"text":"Art\u00edculos","link":"https:\/\/blog.ociomodell.com\/wordpress\/category\/articulos\/"},"img":{"alt_text":"Coche 35 years of VW Corrado. Inc. pinturas y adhesivo. Escala 1:24. Marca Revell. Ref: 05666","src":"https:\/\/i0.wp.com\/blog.ociomodell.com\/wordpress\/wp-content\/uploads\/2024\/05\/coche-35-years-of-vw-corrado-inc-pinturas-y-adhesivo-escala-124-marca-revell-ref-056661-e1715179112424.jpg?resize=350%2C200&ssl=1","width":350,"height":200,"srcset":"https:\/\/i0.wp.com\/blog.ociomodell.com\/wordpress\/wp-content\/uploads\/2024\/05\/coche-35-years-of-vw-corrado-inc-pinturas-y-adhesivo-escala-124-marca-revell-ref-056661-e1715179112424.jpg?resize=350%2C200&ssl=1 1x, https:\/\/i0.wp.com\/blog.ociomodell.com\/wordpress\/wp-content\/uploads\/2024\/05\/coche-35-years-of-vw-corrado-inc-pinturas-y-adhesivo-escala-124-marca-revell-ref-056661-e1715179112424.jpg?resize=525%2C300&ssl=1 1.5x, https:\/\/i0.wp.com\/blog.ociomodell.com\/wordpress\/wp-content\/uploads\/2024\/05\/coche-35-years-of-vw-corrado-inc-pinturas-y-adhesivo-escala-124-marca-revell-ref-056661-e1715179112424.jpg?resize=700%2C400&ssl=1 2x"},"classes":[]},{"id":8954,"url":"https:\/\/blog.ociomodell.com\/wordpress\/bmw-z8-james-bond-007-the-world-is-not-novedad-escala-124-marca-revell-ref-05662\/","url_meta":{"origin":6096,"position":5},"title":"BMW Z8 (James Bond 007) \u00abThe World Is Not \u00ab. NOVEDAD. Escala 1:24. Marca Revell. Ref: 05662, autom\u00f3vil deportivo de lujo producido por el fabricante alem\u00e1n BMW de 1999 a 2003","author":"Paco Gomez","date":"31 octubre, 2023","format":false,"excerpt":"Descubre el kit de montaje en pl\u00e1stico del BMW Z8 de James Bond 007 en la pel\u00edcula","rel":"","context":"En \u00abOciomodell\u00bb","block_context":{"text":"Ociomodell","link":"https:\/\/blog.ociomodell.com\/wordpress\/category\/ociomodell\/"},"img":{"alt_text":"BMW Z8 (James Bond 007) \"The World Is Not \". NOVEDAD. Escala 1:24. Marca Revell. Ref: 05662","src":"https:\/\/i0.wp.com\/blog.ociomodell.com\/wordpress\/wp-content\/uploads\/2023\/10\/bmw-z8-james-bond-007-the-world-is-not-novedad-escala-124-marca-revell-ref-056621-e1698743488174.jpg?resize=350%2C200&ssl=1","width":350,"height":200,"srcset":"https:\/\/i0.wp.com\/blog.ociomodell.com\/wordpress\/wp-content\/uploads\/2023\/10\/bmw-z8-james-bond-007-the-world-is-not-novedad-escala-124-marca-revell-ref-056621-e1698743488174.jpg?resize=350%2C200&ssl=1 1x, https:\/\/i0.wp.com\/blog.ociomodell.com\/wordpress\/wp-content\/uploads\/2023\/10\/bmw-z8-james-bond-007-the-world-is-not-novedad-escala-124-marca-revell-ref-056621-e1698743488174.jpg?resize=525%2C300&ssl=1 1.5x"},"classes":[]}],"jetpack_shortlink":"https:\/\/wp.me\/p7mZwQ-1Ak","_links":{"self":[{"href":"https:\/\/blog.ociomodell.com\/wordpress\/wp-json\/wp\/v2\/posts\/6096","targetHints":{"allow":["GET"]}}],"collection":[{"href":"https:\/\/blog.ociomodell.com\/wordpress\/wp-json\/wp\/v2\/posts"}],"about":[{"href":"https:\/\/blog.ociomodell.com\/wordpress\/wp-json\/wp\/v2\/types\/post"}],"author":[{"embeddable":true,"href":"https:\/\/blog.ociomodell.com\/wordpress\/wp-json\/wp\/v2\/users\/4"}],"replies":[{"embeddable":true,"href":"https:\/\/blog.ociomodell.com\/wordpress\/wp-json\/wp\/v2\/comments?post=6096"}],"version-history":[{"count":0,"href":"https:\/\/blog.ociomodell.com\/wordpress\/wp-json\/wp\/v2\/posts\/6096\/revisions"}],"wp:featuredmedia":[{"embeddable":true,"href":"https:\/\/blog.ociomodell.com\/wordpress\/wp-json\/wp\/v2\/media\/6098"}],"wp:attachment":[{"href":"https:\/\/blog.ociomodell.com\/wordpress\/wp-json\/wp\/v2\/media?parent=6096"}],"wp:term":[{"taxonomy":"category","embeddable":true,"href":"https:\/\/blog.ociomodell.com\/wordpress\/wp-json\/wp\/v2\/categories?post=6096"},{"taxonomy":"post_tag","embeddable":true,"href":"https:\/\/blog.ociomodell.com\/wordpress\/wp-json\/wp\/v2\/tags?post=6096"}],"curies":[{"name":"wp","href":"https:\/\/api.w.org\/{rel}","templated":true}]}}