{"id":6472,"date":"2021-07-30T13:24:41","date_gmt":"2021-07-30T11:24:41","guid":{"rendered":"https:\/\/blog.ociomodell.com\/wordpress\/?p=6472"},"modified":"2021-07-30T13:24:41","modified_gmt":"2021-07-30T11:24:41","slug":"feria-freak-wars-2021","status":"publish","type":"post","link":"https:\/\/blog.ociomodell.com\/wordpress\/feria-freak-wars-2021\/","title":{"rendered":"Feria Freak Wars 2021"},"content":{"rendered":"<h5>\u00a0\u00a0\u00a0\u00a0\u00a0\u00a0\u00a0\u00a0\u00a0\u00a0 Feria Freak Wars 2021<\/h5>\n<p><img loading=\"lazy\" decoding=\"async\" data-attachment-id=\"6474\" data-permalink=\"https:\/\/blog.ociomodell.com\/wordpress\/feria-freak-wars-2021\/web-freak-wars1\/\" data-orig-file=\"https:\/\/blog.ociomodell.com\/wordpress\/wp-content\/uploads\/2021\/07\/web-freak-wars1-e1627643844400.gif\" data-orig-size=\"656,250\" data-comments-opened=\"1\" data-image-meta=\"{&quot;aperture&quot;:&quot;0&quot;,&quot;credit&quot;:&quot;&quot;,&quot;camera&quot;:&quot;&quot;,&quot;caption&quot;:&quot;&quot;,&quot;created_timestamp&quot;:&quot;0&quot;,&quot;copyright&quot;:&quot;&quot;,&quot;focal_length&quot;:&quot;0&quot;,&quot;iso&quot;:&quot;0&quot;,&quot;shutter_speed&quot;:&quot;0&quot;,&quot;title&quot;:&quot;&quot;,&quot;orientation&quot;:&quot;0&quot;}\" data-image-title=\"web-freak-wars(1)\" data-image-description=\"&lt;p&gt;Feria Freak Wars 2021&lt;\/p&gt;\n\" data-image-caption=\"&lt;p&gt;Feria Freak Wars 2021&lt;\/p&gt;\n\" data-large-file=\"https:\/\/blog.ociomodell.com\/wordpress\/wp-content\/uploads\/2021\/07\/web-freak-wars1-1024x390.gif\" class=\" wp-image-6474\" src=\"https:\/\/blog.ociomodell.com\/wordpress\/wp-content\/uploads\/2021\/07\/web-freak-wars1-300x114.gif\" alt=\"Feria Freak Wars 2021\" width=\"734\" height=\"279\" title=\"\"><\/p>\n<p>Visita la feria online <a href=\"https:\/\/freakwarsmadrid.com\/\" rel=\"nofollow noopener\" target=\"_blank\">FREAK WARS<\/a> del 10 al 12 de septiembre y<\/p>\n<p>nosotros estaremos alli virtualmente, <a href=\"https:\/\/ociomodell.com\/ociomodell\/\" rel=\"nofollow noopener\" target=\"_blank\">ociomodell.com<\/a><\/p>\n","protected":false},"excerpt":{"rendered":"<p>\u00a0\u00a0\u00a0\u00a0\u00a0\u00a0\u00a0\u00a0\u00a0\u00a0 Feria Freak Wars 2021 Visita la feria online FREAK WARS del 10 al 12 de septiembre y nosotros estaremos alli virtualmente, ociomodell.com<\/p>\n","protected":false},"author":4,"featured_media":6474,"comment_status":"open","ping_status":"closed","sticky":false,"template":"","format":"standard","meta":{"jetpack_post_was_ever_published":false,"_jetpack_newsletter_access":"","_jetpack_dont_email_post_to_subs":false,"_jetpack_newsletter_tier_id":0,"_jetpack_memberships_contains_paywalled_content":false,"_jetpack_memberships_contains_paid_content":false,"footnotes":"","jetpack_publicize_message":"","jetpack_publicize_feature_enabled":true,"jetpack_social_post_already_shared":true,"jetpack_social_options":{"image_generator_settings":{"template":"highway","default_image_id":0,"font":"","enabled":false},"version":2},"_links_to":"","_links_to_target":""},"categories":[28,3921,3920],"tags":[4650,291,3923,538],"class_list":["post-6472","post","type-post","status-publish","format-standard","has-post-thumbnail","hentry","category-ociomodell","category-concurso","category-feria","tag-4650","tag-feria","tag-freak","tag-wars"],"jetpack_publicize_connections":[],"jetpack_featured_media_url":"https:\/\/blog.ociomodell.com\/wordpress\/wp-content\/uploads\/2021\/07\/web-freak-wars1-e1627643844400.gif","jetpack_sharing_enabled":true,"jetpack_likes_enabled":true,"jetpack-related-posts":[{"id":6566,"url":"https:\/\/blog.ociomodell.com\/wordpress\/6566-2\/","url_meta":{"origin":6472,"position":0},"title":"Feria Freak Wars 2021","author":"Mari Mar Navarro","date":"6 septiembre, 2021","format":false,"excerpt":"Feria Freak Wars 2021 \u00a0 Visita la feria online FREAK WARS del 10 al 12 de septiembre y nosotros estaremos alli virtualmente, ociomodell.com","rel":"","context":"En \u00abOciomodell\u00bb","block_context":{"text":"Ociomodell","link":"https:\/\/blog.ociomodell.com\/wordpress\/category\/ociomodell\/"},"img":{"alt_text":"Feria Freak Wars 2021.1","src":"https:\/\/i0.wp.com\/blog.ociomodell.com\/wordpress\/wp-content\/uploads\/2021\/09\/web-freak-wars-2-1024x390.gif?resize=350%2C200&ssl=1","width":350,"height":200,"srcset":"https:\/\/i0.wp.com\/blog.ociomodell.com\/wordpress\/wp-content\/uploads\/2021\/09\/web-freak-wars-2-1024x390.gif?resize=350%2C200&ssl=1 1x, https:\/\/i0.wp.com\/blog.ociomodell.com\/wordpress\/wp-content\/uploads\/2021\/09\/web-freak-wars-2-1024x390.gif?resize=525%2C300&ssl=1 1.5x, https:\/\/i0.wp.com\/blog.ociomodell.com\/wordpress\/wp-content\/uploads\/2021\/09\/web-freak-wars-2-1024x390.gif?resize=700%2C400&ssl=1 2x"},"classes":[]},{"id":7407,"url":"https:\/\/blog.ociomodell.com\/wordpress\/concurso-feria-freak-wars22\/","url_meta":{"origin":6472,"position":1},"title":"CONCURSO &#8211; FERIA FREAK WARS\u00b422","author":"Mari Mar Navarro","date":"5 septiembre, 2022","format":false,"excerpt":"CONCURSO - FERIA FREAK WARS\u00b422","rel":"","context":"En \u00abFeria\u00bb","block_context":{"text":"Feria","link":"https:\/\/blog.ociomodell.com\/wordpress\/category\/feria\/"},"img":{"alt_text":"CONCURSO - FERIA FREAK WARS\u00b422","src":"https:\/\/i0.wp.com\/blog.ociomodell.com\/wordpress\/wp-content\/uploads\/2022\/09\/freak22-1024x390.jpg?resize=350%2C200&ssl=1","width":350,"height":200,"srcset":"https:\/\/i0.wp.com\/blog.ociomodell.com\/wordpress\/wp-content\/uploads\/2022\/09\/freak22-1024x390.jpg?resize=350%2C200&ssl=1 1x, https:\/\/i0.wp.com\/blog.ociomodell.com\/wordpress\/wp-content\/uploads\/2022\/09\/freak22-1024x390.jpg?resize=525%2C300&ssl=1 1.5x, https:\/\/i0.wp.com\/blog.ociomodell.com\/wordpress\/wp-content\/uploads\/2022\/09\/freak22-1024x390.jpg?resize=700%2C400&ssl=1 2x"},"classes":[]},{"id":4980,"url":"https:\/\/blog.ociomodell.com\/wordpress\/feria-concurso-freak-wars-19-ociomodell\/","url_meta":{"origin":6472,"position":2},"title":"Feria &#8211; CONCURSO FREAK WARS \u00b419, Ociomodell","author":"Mari Mar Navarro","date":"10 julio, 2019","format":false,"excerpt":"Feria - CONCURSO FREAK WARS \u00b419. Ociomodell all\u00ed estar\u00e1. Pueden hacer sus reservas previas de material para que all\u00ed se les entrege en RESERVAS. Se celebrar\u00e1 durante los d\u00edas 14 y 15 de septiembre del 2019, en Madrid, casa de campo, pabellon de cristal.","rel":"","context":"En \u00abOciomodell\u00bb","block_context":{"text":"Ociomodell","link":"https:\/\/blog.ociomodell.com\/wordpress\/category\/ociomodell\/"},"img":{"alt_text":"https:\/\/blog.ociomodell.com\/wordpress\/reservas\/reservas-de-material-2\/","src":"https:\/\/i0.wp.com\/blog.ociomodell.com\/wordpress\/wp-content\/uploads\/2019\/07\/cartel_generico_FW19_definitivo_junio.jpg?resize=350%2C200&ssl=1","width":350,"height":200,"srcset":"https:\/\/i0.wp.com\/blog.ociomodell.com\/wordpress\/wp-content\/uploads\/2019\/07\/cartel_generico_FW19_definitivo_junio.jpg?resize=350%2C200&ssl=1 1x, https:\/\/i0.wp.com\/blog.ociomodell.com\/wordpress\/wp-content\/uploads\/2019\/07\/cartel_generico_FW19_definitivo_junio.jpg?resize=525%2C300&ssl=1 1.5x, https:\/\/i0.wp.com\/blog.ociomodell.com\/wordpress\/wp-content\/uploads\/2019\/07\/cartel_generico_FW19_definitivo_junio.jpg?resize=700%2C400&ssl=1 2x, https:\/\/i0.wp.com\/blog.ociomodell.com\/wordpress\/wp-content\/uploads\/2019\/07\/cartel_generico_FW19_definitivo_junio.jpg?resize=1050%2C600&ssl=1 3x, https:\/\/i0.wp.com\/blog.ociomodell.com\/wordpress\/wp-content\/uploads\/2019\/07\/cartel_generico_FW19_definitivo_junio.jpg?resize=1400%2C800&ssl=1 4x"},"classes":[]},{"id":19254,"url":"https:\/\/blog.ociomodell.com\/wordpress\/feria-concurso-freak-wars-del-27-28-septiembre-2025\/","url_meta":{"origin":6472,"position":3},"title":"FERIA CONCURSO FREAK WARS DEL 27-28 SEPTIEMBRE 2025","author":"Mari Mar Navarro","date":"1 agosto, 2025","format":false,"excerpt":"Descubre la Feria Concurso Freak Wars 2025 en Madrid, donde podr\u00e1s disfrutar de la colecci\u00f3n de figuras de Fer Miniatures y mucho m\u00e1s. \u00a1No te lo pierdas!","rel":"","context":"En \u00abOciomodell\u00bb","block_context":{"text":"Ociomodell","link":"https:\/\/blog.ociomodell.com\/wordpress\/category\/ociomodell\/"},"img":{"alt_text":"freakwars25","src":"https:\/\/i0.wp.com\/blog.ociomodell.com\/wordpress\/wp-content\/uploads\/2025\/08\/freakwars25.jpg?resize=350%2C200&ssl=1","width":350,"height":200,"srcset":"https:\/\/i0.wp.com\/blog.ociomodell.com\/wordpress\/wp-content\/uploads\/2025\/08\/freakwars25.jpg?resize=350%2C200&ssl=1 1x, https:\/\/i0.wp.com\/blog.ociomodell.com\/wordpress\/wp-content\/uploads\/2025\/08\/freakwars25.jpg?resize=525%2C300&ssl=1 1.5x, https:\/\/i0.wp.com\/blog.ociomodell.com\/wordpress\/wp-content\/uploads\/2025\/08\/freakwars25.jpg?resize=700%2C400&ssl=1 2x, https:\/\/i0.wp.com\/blog.ociomodell.com\/wordpress\/wp-content\/uploads\/2025\/08\/freakwars25.jpg?resize=1050%2C600&ssl=1 3x"},"classes":[]},{"id":2909,"url":"https:\/\/blog.ociomodell.com\/wordpress\/mercadillos-concurso-feria-de-modelismo-de-torrent-2018-ociomodell-alli-estara-67-y-8-de-abril\/","url_meta":{"origin":6472,"position":4},"title":"Mercadillos &#8211; Concurso feria de modelismo de Torrent 2018, Ociomodell all\u00ed estar\u00e1. 6,7 y 8 de Abril","author":"Paco Gomez","date":"1 abril, 2018","format":false,"excerpt":"Mercadillos - Concurso feria de modelismo de Torrent 2018, Ociomodell all\u00ed estar\u00e1. 6,7 y 8 de Abril","rel":"","context":"En \u00abMercadillos\u00bb","block_context":{"text":"Mercadillos","link":"https:\/\/blog.ociomodell.com\/wordpress\/category\/ociomodell-mercadillos\/"},"img":{"alt_text":"Mercadillos - Concurso feria de modelismo de Torrent 2018","src":"https:\/\/i0.wp.com\/blog.ociomodell.com\/wordpress\/wp-content\/uploads\/2018\/04\/CARTEL-AMT-2018.png?resize=350%2C200&ssl=1","width":350,"height":200,"srcset":"https:\/\/i0.wp.com\/blog.ociomodell.com\/wordpress\/wp-content\/uploads\/2018\/04\/CARTEL-AMT-2018.png?resize=350%2C200&ssl=1 1x, https:\/\/i0.wp.com\/blog.ociomodell.com\/wordpress\/wp-content\/uploads\/2018\/04\/CARTEL-AMT-2018.png?resize=525%2C300&ssl=1 1.5x, https:\/\/i0.wp.com\/blog.ociomodell.com\/wordpress\/wp-content\/uploads\/2018\/04\/CARTEL-AMT-2018.png?resize=700%2C400&ssl=1 2x"},"classes":[]},{"id":7682,"url":"https:\/\/blog.ociomodell.com\/wordpress\/feria-concurso-en-la-agrupacion-artistica-aragonesa\/","url_meta":{"origin":6472,"position":5},"title":"FERIA CONCURSO EN LA AGRUPACI\u00d3N ART\u00cdSTICA ARAGONESA","author":"Mari Mar Navarro","date":"15 mayo, 2023","format":false,"excerpt":"FERIA CONCURSO EN LA AGRUPACI\u00d3N ART\u00cdSTICA ARAGONESA. ESTE FIN DE SEMANA DEL 19 AL 21 DE MAYO EN ZARAGOZA. OCIOMODELL.COM ESTAR\u00c1 AH\u00cd Y CON LOS PRODUCTOS DE BMR_MODELS. OS ESPERAMOS. \u00a0","rel":"","context":"En \u00abFeria\u00bb","block_context":{"text":"Feria","link":"https:\/\/blog.ociomodell.com\/wordpress\/category\/feria\/"},"img":{"alt_text":"FERIA CONCURSO EN LA AGRUPACI\u00d3N ART\u00cdSTICA ARAGONESA","src":"https:\/\/i0.wp.com\/blog.ociomodell.com\/wordpress\/wp-content\/uploads\/2023\/05\/345209848_803143214100760_6657492828733891813_n-212x300.jpg?resize=350%2C200&ssl=1","width":350,"height":200},"classes":[]}],"jetpack_shortlink":"https:\/\/wp.me\/p7mZwQ-1Go","_links":{"self":[{"href":"https:\/\/blog.ociomodell.com\/wordpress\/wp-json\/wp\/v2\/posts\/6472","targetHints":{"allow":["GET"]}}],"collection":[{"href":"https:\/\/blog.ociomodell.com\/wordpress\/wp-json\/wp\/v2\/posts"}],"about":[{"href":"https:\/\/blog.ociomodell.com\/wordpress\/wp-json\/wp\/v2\/types\/post"}],"author":[{"embeddable":true,"href":"https:\/\/blog.ociomodell.com\/wordpress\/wp-json\/wp\/v2\/users\/4"}],"replies":[{"embeddable":true,"href":"https:\/\/blog.ociomodell.com\/wordpress\/wp-json\/wp\/v2\/comments?post=6472"}],"version-history":[{"count":0,"href":"https:\/\/blog.ociomodell.com\/wordpress\/wp-json\/wp\/v2\/posts\/6472\/revisions"}],"wp:featuredmedia":[{"embeddable":true,"href":"https:\/\/blog.ociomodell.com\/wordpress\/wp-json\/wp\/v2\/media\/6474"}],"wp:attachment":[{"href":"https:\/\/blog.ociomodell.com\/wordpress\/wp-json\/wp\/v2\/media?parent=6472"}],"wp:term":[{"taxonomy":"category","embeddable":true,"href":"https:\/\/blog.ociomodell.com\/wordpress\/wp-json\/wp\/v2\/categories?post=6472"},{"taxonomy":"post_tag","embeddable":true,"href":"https:\/\/blog.ociomodell.com\/wordpress\/wp-json\/wp\/v2\/tags?post=6472"}],"curies":[{"name":"wp","href":"https:\/\/api.w.org\/{rel}","templated":true}]}}