{"id":9289,"date":"2023-11-23T19:59:48","date_gmt":"2023-11-23T18:59:48","guid":{"rendered":"https:\/\/blog.ociomodell.com\/wordpress\/?p=9289"},"modified":"2023-11-23T22:25:51","modified_gmt":"2023-11-23T21:25:51","slug":"charla-de-iniciacion-a-las-figuras-y-caras","status":"publish","type":"post","link":"https:\/\/blog.ociomodell.com\/wordpress\/charla-de-iniciacion-a-las-figuras-y-caras\/","title":{"rendered":"CHARLA DE INICIACI\u00d3N A LAS FIGURAS Y CARAS"},"content":{"rendered":"<p><a href=\"https:\/\/blog.ociomodell.com\/wordpress\/reservas\/talleres\/formulario-de-inscripcion-al-talleres-charlas-en-ociomodell-com\/?preview_id=6785&amp;preview_nonce=d94bb21fa0&amp;_thumbnail_id=-1&amp;preview=true\"><img loading=\"lazy\" decoding=\"async\" data-attachment-id=\"9290\" data-permalink=\"https:\/\/blog.ociomodell.com\/wordpress\/charla-de-iniciacion-a-las-figuras-y-caras\/charla-figuras23\/\" data-orig-file=\"https:\/\/blog.ociomodell.com\/wordpress\/wp-content\/uploads\/2023\/11\/charla-figuras23.jpg\" data-orig-size=\"1322,504\" data-comments-opened=\"1\" data-image-meta=\"{&quot;aperture&quot;:&quot;0&quot;,&quot;credit&quot;:&quot;&quot;,&quot;camera&quot;:&quot;&quot;,&quot;caption&quot;:&quot;&quot;,&quot;created_timestamp&quot;:&quot;0&quot;,&quot;copyright&quot;:&quot;&quot;,&quot;focal_length&quot;:&quot;0&quot;,&quot;iso&quot;:&quot;0&quot;,&quot;shutter_speed&quot;:&quot;0&quot;,&quot;title&quot;:&quot;&quot;,&quot;orientation&quot;:&quot;0&quot;}\" data-image-title=\"charla-figuras23\" data-image-description=\"&lt;p&gt;charla-figuras 2023&lt;\/p&gt;\n\" data-image-caption=\"&lt;p&gt;charla-figuras 2023&lt;\/p&gt;\n\" data-large-file=\"https:\/\/blog.ociomodell.com\/wordpress\/wp-content\/uploads\/2023\/11\/charla-figuras23-1024x390.jpg\" class=\"wp-image-9290 size-full\" src=\"https:\/\/blog.ociomodell.com\/wordpress\/wp-content\/uploads\/2023\/11\/charla-figuras23.jpg\" alt=\"charla-figuras 2023\" width=\"1322\" height=\"504\" title=\"\" srcset=\"https:\/\/blog.ociomodell.com\/wordpress\/wp-content\/uploads\/2023\/11\/charla-figuras23.jpg 1322w, https:\/\/blog.ociomodell.com\/wordpress\/wp-content\/uploads\/2023\/11\/charla-figuras23-300x114.jpg 300w, https:\/\/blog.ociomodell.com\/wordpress\/wp-content\/uploads\/2023\/11\/charla-figuras23-1024x390.jpg 1024w, https:\/\/blog.ociomodell.com\/wordpress\/wp-content\/uploads\/2023\/11\/charla-figuras23-768x293.jpg 768w, https:\/\/blog.ociomodell.com\/wordpress\/wp-content\/uploads\/2023\/11\/charla-figuras23-250x95.jpg 250w\" sizes=\"auto, (max-width: 1322px) 100vw, 1322px\" \/><\/a><\/p>\n","protected":false},"excerpt":{"rendered":"","protected":false},"author":4,"featured_media":9290,"comment_status":"open","ping_status":"closed","sticky":false,"template":"","format":"standard","meta":{"jetpack_post_was_ever_published":false,"_jetpack_newsletter_access":"","_jetpack_dont_email_post_to_subs":false,"_jetpack_newsletter_tier_id":0,"_jetpack_memberships_contains_paywalled_content":false,"_jetpack_memberships_contains_paid_content":false,"footnotes":"","jetpack_publicize_message":"","jetpack_publicize_feature_enabled":true,"jetpack_social_post_already_shared":true,"jetpack_social_options":{"image_generator_settings":{"template":"highway","default_image_id":0,"font":"","enabled":false},"version":2},"_links_to":"","_links_to_target":""},"categories":[3987,3086,3332],"tags":[4147,6149,3992,8,889,3010,711,3949],"class_list":["post-9289","post","type-post","status-publish","format-standard","has-post-thumbnail","hentry","category-charla","category-taller","category-taller-de-modelismo","tag-a","tag-caras","tag-charla","tag-de","tag-figuras","tag-iniciacion","tag-las","tag-y"],"jetpack_publicize_connections":[],"jetpack_featured_media_url":"https:\/\/blog.ociomodell.com\/wordpress\/wp-content\/uploads\/2023\/11\/charla-figuras23.jpg","jetpack_sharing_enabled":true,"jetpack_likes_enabled":true,"jetpack-related-posts":[{"id":6846,"url":"https:\/\/blog.ociomodell.com\/wordpress\/fotos-de-la-charla-de-iniciacion-a-pintar-figuras-dia-13-11-21\/","url_meta":{"origin":9289,"position":0},"title":"Fotos de la Charla de iniciaci\u00f3n a pintar figuras dia 13\/11\/21.","author":"Mari Mar Navarro","date":"18 noviembre, 2021","format":false,"excerpt":"El d\u00eda 13\/11\/2021, hicimos una charla de iniciaci\u00f3n a pintar figuras a escala de 1\/72 a 1\/35 o 1\/48. Deseamos que todos hayais disfrutado de el y estamos ya pensando en el siguiente. Gracias a todos por vuestra participaci\u00f3n y por vuestro interes. ociomodell.com","rel":"","context":"En \u00abOciomodell\u00bb","block_context":{"text":"Ociomodell","link":"https:\/\/blog.ociomodell.com\/wordpress\/category\/ociomodell\/"},"img":{"alt_text":"Charla de iniciaci\u00f3n a pintar figuras dia 13\/11\/21.","src":"https:\/\/i0.wp.com\/blog.ociomodell.com\/wordpress\/wp-content\/uploads\/2021\/11\/IMG_20211113_112605-300x300.jpg?resize=350%2C200&ssl=1","width":350,"height":200},"classes":[]},{"id":6778,"url":"https:\/\/blog.ociomodell.com\/wordpress\/charla-de-iniciacion-a-pintar-figuras-dia-13-11-21\/","url_meta":{"origin":9289,"position":1},"title":"Charla de iniciaci\u00f3n a pintar figuras dia 13\/11\/21.","author":"Mari Mar Navarro","date":"24 octubre, 2021","format":false,"excerpt":"Charla de iniciaci\u00f3n a pintar figuras dia 13\/11\/21. Horario: 10:00 a 13:00 aprox. Lugar: en nuestra tienda fisica, Calle san Juan de la Pe\u00f1a N\u00ba14, Zaragoza 50015 Precio del Taller: 5\u20ac para material. Dirigido: para personas mayores de 12 A\u00f1os. Inscripci\u00f3n: AQUI","rel":"","context":"En \u00abcharla\u00bb","block_context":{"text":"charla","link":"https:\/\/blog.ociomodell.com\/wordpress\/category\/charla\/"},"img":{"alt_text":"Charla de iniciaci\u00f3n a pintar figuras dia 13\/11\/21","src":"https:\/\/i0.wp.com\/blog.ociomodell.com\/wordpress\/wp-content\/uploads\/2021\/10\/charla-13112111-300x169.png?resize=350%2C200&ssl=1","width":350,"height":200},"classes":[]},{"id":7277,"url":"https:\/\/blog.ociomodell.com\/wordpress\/charla-como-fotografiar-tus-figuras-maquetas-o-dioramas\/","url_meta":{"origin":9289,"position":2},"title":"Charla: como fotografiar tus figuras, maquetas o dioramas.","author":"Mari Mar Navarro","date":"18 mayo, 2022","format":false,"excerpt":"Charla: como fotografiar tus figuras, maquetas o dioramas. El dia 11 de junio de 10:00 a 13:00H, Luis Eduardo nos explicar\u00e1 como fotografiar nuestras figuras, maquetas etc y as\u00ed aprovechar al m\u00e1ximo nuestras c\u00e1maras de m\u00f3vil o de fotograf\u00eda. Apuntat\u00e9 atrav\u00e9s de nuestro: email: info@ociomodell.com \u00a0 tlf: 611697120 coste de\u2026","rel":"","context":"En \u00abcharla\u00bb","block_context":{"text":"charla","link":"https:\/\/blog.ociomodell.com\/wordpress\/category\/charla\/"},"img":{"alt_text":"","src":"","width":0,"height":0},"classes":[]},{"id":13821,"url":"https:\/\/blog.ociomodell.com\/wordpress\/charla-escenografia\/","url_meta":{"origin":9289,"position":3},"title":"CHARLA ESCENOGRAF\u00cdA, MATERIALES, MONTAJE, AMBIENTACI\u00d3N&#8230;","author":"Mari Mar Navarro","date":"8 octubre, 2024","format":false,"excerpt":"CHARLA ESCENOGRAF\u00cdA - SON AMBIENTACIONES PEQUE\u00d1AS PARA MAQUETAS O FIGURAS 1:35, PERO TODO ELLO SE PUEDE INCORPORAR A OTRAS ESCALAS...LO IMPORTANTE ES CONOCER MATERIALES, MONTAJE Y TRUCOS PARA CREAR AMBIENTES INCRE\u00cdBLES.","rel":"","context":"En \u00abcharla\u00bb","block_context":{"text":"charla","link":"https:\/\/blog.ociomodell.com\/wordpress\/category\/charla\/"},"img":{"alt_text":"CHARLA ESCENOGRAF\u00cdA, MATERIALES, MONTAJE, AMBIENTACI\u00d3N...","src":"https:\/\/i0.wp.com\/blog.ociomodell.com\/wordpress\/wp-content\/uploads\/2024\/10\/charla-escena.png?resize=350%2C200&ssl=1","width":350,"height":200,"srcset":"https:\/\/i0.wp.com\/blog.ociomodell.com\/wordpress\/wp-content\/uploads\/2024\/10\/charla-escena.png?resize=350%2C200&ssl=1 1x, https:\/\/i0.wp.com\/blog.ociomodell.com\/wordpress\/wp-content\/uploads\/2024\/10\/charla-escena.png?resize=525%2C300&ssl=1 1.5x, https:\/\/i0.wp.com\/blog.ociomodell.com\/wordpress\/wp-content\/uploads\/2024\/10\/charla-escena.png?resize=700%2C400&ssl=1 2x, https:\/\/i0.wp.com\/blog.ociomodell.com\/wordpress\/wp-content\/uploads\/2024\/10\/charla-escena.png?resize=1050%2C600&ssl=1 3x"},"classes":[]},{"id":9034,"url":"https:\/\/blog.ociomodell.com\/wordpress\/18-noviembre-2023-charla-dudas-modelismo-vehiculos-civiles-plazas-limitadas-10-13h-inscripcion-aqui\/","url_meta":{"origin":9289,"position":4},"title":"18 Noviembre 2023 &#8211; Charla y dudas de modelismo en veh\u00edculos civiles, Plazas Limitadas, de 10 a 13H, inscripci\u00f3n aqu\u00ed,","author":"Paco Gomez","date":"6 noviembre, 2023","format":false,"excerpt":"18 Noviembre 2023 Charla y dudas de modelismo en veh\u00edculos civiles. Plazas Limitadas. Horario de 10 a 13 Horas. Precio 5\u20ac. Aprende sobre modelismo en veh\u00edculos civiles en nuestra charla y resuelve tus dudas. \u00a1Inscr\u00edbete ahora!","rel":"","context":"En \u00abOciomodell\u00bb","block_context":{"text":"Ociomodell","link":"https:\/\/blog.ociomodell.com\/wordpress\/category\/ociomodell\/"},"img":{"alt_text":"18 Noviembre 2023 - Charla y dudas de modelismo en veh\u00edculos civiles, Plazas Limitadas, de 10 a 13H, inscripci\u00f3n aqu\u00ed,","src":"https:\/\/i0.wp.com\/blog.ociomodell.com\/wordpress\/wp-content\/uploads\/2023\/11\/taller-18nov23.jpg?resize=350%2C200&ssl=1","width":350,"height":200,"srcset":"https:\/\/i0.wp.com\/blog.ociomodell.com\/wordpress\/wp-content\/uploads\/2023\/11\/taller-18nov23.jpg?resize=350%2C200&ssl=1 1x, https:\/\/i0.wp.com\/blog.ociomodell.com\/wordpress\/wp-content\/uploads\/2023\/11\/taller-18nov23.jpg?resize=525%2C300&ssl=1 1.5x, https:\/\/i0.wp.com\/blog.ociomodell.com\/wordpress\/wp-content\/uploads\/2023\/11\/taller-18nov23.jpg?resize=700%2C400&ssl=1 2x, https:\/\/i0.wp.com\/blog.ociomodell.com\/wordpress\/wp-content\/uploads\/2023\/11\/taller-18nov23.jpg?resize=1050%2C600&ssl=1 3x"},"classes":[]},{"id":10748,"url":"https:\/\/blog.ociomodell.com\/wordpress\/charla-sobre-decoracion-de-vehiculos\/","url_meta":{"origin":9289,"position":5},"title":"Charla sobre decoraci\u00f3n de veh\u00edculos civiles sobre el modelo de un Abarth 695 a escala 1:24, 8 de Marzo de 2024","author":"Mari Mar Navarro","date":"26 febrero, 2024","format":false,"excerpt":"Charla sobre decoraci\u00f3n de veh\u00edculos civiles sobre el modelo de un Abarth 695 a escala 1:24, 8 de Marzo de 2024","rel":"","context":"En \u00abcharla\u00bb","block_context":{"text":"charla","link":"https:\/\/blog.ociomodell.com\/wordpress\/category\/charla\/"},"img":{"alt_text":"Charla sobre decoraci\u00f3n de veh\u00edculos","src":"https:\/\/i0.wp.com\/blog.ociomodell.com\/wordpress\/wp-content\/uploads\/2024\/02\/ABRATH-FACE.png?resize=350%2C200&ssl=1","width":350,"height":200},"classes":[]}],"jetpack_shortlink":"https:\/\/wp.me\/p7mZwQ-2pP","_links":{"self":[{"href":"https:\/\/blog.ociomodell.com\/wordpress\/wp-json\/wp\/v2\/posts\/9289","targetHints":{"allow":["GET"]}}],"collection":[{"href":"https:\/\/blog.ociomodell.com\/wordpress\/wp-json\/wp\/v2\/posts"}],"about":[{"href":"https:\/\/blog.ociomodell.com\/wordpress\/wp-json\/wp\/v2\/types\/post"}],"author":[{"embeddable":true,"href":"https:\/\/blog.ociomodell.com\/wordpress\/wp-json\/wp\/v2\/users\/4"}],"replies":[{"embeddable":true,"href":"https:\/\/blog.ociomodell.com\/wordpress\/wp-json\/wp\/v2\/comments?post=9289"}],"version-history":[{"count":0,"href":"https:\/\/blog.ociomodell.com\/wordpress\/wp-json\/wp\/v2\/posts\/9289\/revisions"}],"wp:featuredmedia":[{"embeddable":true,"href":"https:\/\/blog.ociomodell.com\/wordpress\/wp-json\/wp\/v2\/media\/9290"}],"wp:attachment":[{"href":"https:\/\/blog.ociomodell.com\/wordpress\/wp-json\/wp\/v2\/media?parent=9289"}],"wp:term":[{"taxonomy":"category","embeddable":true,"href":"https:\/\/blog.ociomodell.com\/wordpress\/wp-json\/wp\/v2\/categories?post=9289"},{"taxonomy":"post_tag","embeddable":true,"href":"https:\/\/blog.ociomodell.com\/wordpress\/wp-json\/wp\/v2\/tags?post=9289"}],"curies":[{"name":"wp","href":"https:\/\/api.w.org\/{rel}","templated":true}]}}